{"id":108318,"date":"2026-09-04T06:40:19","date_gmt":"2026-09-04T10:40:19","guid":{"rendered":"https:\/\/www.radioamigavallenar.cl\/?p=108318"},"modified":"2026-09-04T06:40:19","modified_gmt":"2026-09-04T10:40:19","slug":"indap-catastra-danos-en-canales-de-alto-del-carmen-con-tecnologia-geoespacial","status":"publish","type":"post","link":"https:\/\/www.radioamigavallenar.cl\/?p=108318","title":{"rendered":"INDAP catastra da\u00f1os en canales de Alto del Carmen con tecnolog\u00eda geoespacial"},"content":{"rendered":"<p><strong>Trabajo lo realiza la empresa nacional Tecnoseg SpA quienes aportan tecnolog\u00eda y capacidades en apoyo a las comunidades afectadas por las lluvias.<\/strong><\/p>\n<p>Tras los \u00faltimos temporales de julio y agosto en Atacama el Instituto de Desarrollo Agropecuario INDAP se encuentra realizando captura geoespacial a trav\u00e9s con drones en sectores afectados por las lluvias, como Alto del Carmen, Totoral y otras localidades donde los eventos hidrometeorol\u00f3gicos provocaron da\u00f1os en canales de riego, cultivos e infraestructura agr\u00edcola. La tarea tiene como objetivo final contar con informaci\u00f3n precisa de da\u00f1os en la red h\u00eddrica de canales afectados por el frente de mal tiempo que afect\u00f3 la regi\u00f3n.<\/p>\n<p>Felipe Valezuela CEO de Tecnoseg\u00a0 se\u00f1al\u00f3 \u00abestamos trabajando en aportar soluciones de informaci\u00f3n satelital con tecnolog\u00eda UAV e inteligencia artificial, rob\u00f3tica y personal altamente calificado para apoyar una toma de decisiones r\u00e1pida y eficiente en los territorios afectados. Esta tecnolog\u00eda nos permite obtener informaci\u00f3n precisa del territorio, generar aprendizajes y mejorar continuamente los procedimientos y metodolog\u00edas de evaluaci\u00f3n. El objetivo es avanzar hacia respuestas cada vez m\u00e1s r\u00e1pidas, eficientes y confiables que faciliten la toma de decisiones y la priorizaci\u00f3n de las acciones de recuperaci\u00f3n.<\/p>\n<p>En tanto la directora regional (s) de INDAP Daniela Pino Hern\u00e9ndez sostuvo \u00abcontinuamos en terreno dando una respuesta y soluciones r\u00e1pidas para ejecutar acciones y apoyar a nuestra agricultura familiar campesina que se vio afectada en los \u00faltimos temporales a trav\u00e9s de levantamiento de informaci\u00f3n geoespacial para determinar el tipo de da\u00f1o o afectaci\u00f3n de canales en Alto del Carmen y Totoral con datos m\u00e1s precisos con tecnolog\u00eda de primera l\u00ednea en bocatomas y distintas obras de riego que nos sirve para la correcta toma de decisiones y solicitud de recursos por emergencia en apoyo de nuestros agricultores\u00bb.<\/p>\n<p>Asimismo, el secretario regional ministerial de agricultura Guillermo Procuriza Naim valor\u00f3 el trabajo se\u00f1alando que \u00abcomo Ministerio de Agricultura a trav\u00e9s de INDAP estamos realizando un trabajo, mediante el uso de drones, que nos entregan im\u00e1genes geoespaciales y de esa manera podemos catastrar canales que est\u00e1n en lugares de dif\u00edcil acceso, para rehabilitarlos oportunamente. As\u00ed, nuestros agricultores tendr\u00e1n agua para regar sus cultivos, lo antes posible, tal como nos pidi\u00f3 el Presidente Jos\u00e9 Antonio Kast\u00bb.<\/p>\n<p>Las autoridades agregaron que estas acciones y estrategias demuestran la importancia de integrar capacidades t\u00e9cnicas, conocimiento territorial y tecnolog\u00eda para responder de manera oportuna ante situaciones que afectan directamente a las personas y a sus actividades productivas.<\/p>\n","protected":false},"excerpt":{"rendered":"<p>Trabajo lo realiza la empresa nacional Tecnoseg SpA quienes aportan tecnolog\u00eda y capacidades en apoyo a las comunidades afectadas por las lluvias. Tras los \u00faltimos&hellip; <\/p>\n","protected":false},"author":7,"featured_media":108320,"comment_status":"closed","ping_status":"closed","sticky":false,"template":"","format":"standard","meta":{"footnotes":""},"categories":[7],"tags":[],"class_list":["post-108318","post","type-post","status-publish","format-standard","has-post-thumbnail","hentry","category-atacama"],"_links":{"self":[{"href":"https:\/\/www.radioamigavallenar.cl\/index.php?rest_route=\/wp\/v2\/posts\/108318","targetHints":{"allow":["GET"]}}],"collection":[{"href":"https:\/\/www.radioamigavallenar.cl\/index.php?rest_route=\/wp\/v2\/posts"}],"about":[{"href":"https:\/\/www.radioamigavallenar.cl\/index.php?rest_route=\/wp\/v2\/types\/post"}],"author":[{"embeddable":true,"href":"https:\/\/www.radioamigavallenar.cl\/index.php?rest_route=\/wp\/v2\/users\/7"}],"replies":[{"embeddable":true,"href":"https:\/\/www.radioamigavallenar.cl\/index.php?rest_route=%2Fwp%2Fv2%2Fcomments&post=108318"}],"version-history":[{"count":2,"href":"https:\/\/www.radioamigavallenar.cl\/index.php?rest_route=\/wp\/v2\/posts\/108318\/revisions"}],"predecessor-version":[{"id":108321,"href":"https:\/\/www.radioamigavallenar.cl\/index.php?rest_route=\/wp\/v2\/posts\/108318\/revisions\/108321"}],"wp:featuredmedia":[{"embeddable":true,"href":"https:\/\/www.radioamigavallenar.cl\/index.php?rest_route=\/wp\/v2\/media\/108320"}],"wp:attachment":[{"href":"https:\/\/www.radioamigavallenar.cl\/index.php?rest_route=%2Fwp%2Fv2%2Fmedia&parent=108318"}],"wp:term":[{"taxonomy":"category","embeddable":true,"href":"https:\/\/www.radioamigavallenar.cl\/index.php?rest_route=%2Fwp%2Fv2%2Fcategories&post=108318"},{"taxonomy":"post_tag","embeddable":true,"href":"https:\/\/www.radioamigavallenar.cl\/index.php?rest_route=%2Fwp%2Fv2%2Ftags&post=108318"}],"curies":[{"name":"wp","href":"https:\/\/api.w.org\/{rel}","templated":true}]}}