{"id":108315,"date":"2026-09-04T06:34:40","date_gmt":"2026-09-04T10:34:40","guid":{"rendered":"https:\/\/www.radioamigavallenar.cl\/?p=108315"},"modified":"2026-09-04T06:34:40","modified_gmt":"2026-09-04T10:34:40","slug":"esperamos-que-se-pague-lo-antes-posible-seremi-de-gobierno-valora-despacho-a-ley-de-nuevo-bono-de-30-mil-por-hijo","status":"publish","type":"post","link":"https:\/\/www.radioamigavallenar.cl\/?p=108315","title":{"rendered":"\u201cEsperamos que se pague lo antes posible\u201d: SEREMI de Gobierno valora despacho a ley de nuevo bono de $30 mil por hijo"},"content":{"rendered":"<p>\u00b7 La iniciativa impulsada por el Gobierno, que durante su tramitaci\u00f3n incorpor\u00f3 79 mil nuevos beneficiarios, contempla un pago \u00fanico y autom\u00e1tico por cada ni\u00f1o o ni\u00f1a que cumpla con los requisitos, sin necesidad de postulaci\u00f3n.<\/p>\n<p>Durante la jornada, la C\u00e1mara de Diputados despach\u00f3 a ley el proyecto impulsado por el Gobierno que crea un bono extraordinario de $30 mil por cada ni\u00f1o o ni\u00f1a menor de 13 a\u00f1os, destinado principalmente a hogares pertenecientes al 80% m\u00e1s vulnerable del pa\u00eds, de acuerdo con el Registro Social de Hogares.<\/p>\n<p>Al respecto, el SEREMI de Gobierno, Jorge D\u00edaz Jopia, se\u00f1al\u00f3 que \u201ces una buena noticia y un apoyo concreto de 30 mil pesos por cada ni\u00f1o que cumpla con los requisitos, sin postulaciones y de forma autom\u00e1tica. El Presidente Kast lo comprometi\u00f3 en la Cuenta P\u00fablica como una ayuda para aliviar los gastos de las familias y hoy estamos cumpliendo. Adem\u00e1s, logramos ampliar su cobertura para incorporar a m\u00e1s de 79 mil nuevos beneficiarios\u201d.<\/p>\n<h2 style=\"text-align: center;\"><strong>\u00bfQui\u00e9nes recibir\u00e1n el bono y c\u00f3mo se pagar\u00e1?<\/strong><\/h2>\n<p>El beneficio contempla un pago \u00fanico de $30 mil por cada ni\u00f1o o ni\u00f1a menor de 13 a\u00f1os al 1 de junio de 2026, perteneciente a un hogar ubicado dentro del 80% m\u00e1s vulnerable del Registro Social de Hogares (RSH). As\u00ed, por ejemplo, una familia con dos ni\u00f1os que cumplan los requisitos podr\u00e1 recibir $60 mil.<\/p>\n<p>La entrega ser\u00e1 autom\u00e1tica y no requerir\u00e1 postulaci\u00f3n ni tr\u00e1mites, ya que los beneficiarios ser\u00e1n determinados a partir de la informaci\u00f3n disponible en el Registro Social de Hogares y otros registros administrativos del Estado.<\/p>\n<p>Durante la tramitaci\u00f3n, adem\u00e1s, se ampli\u00f3 la cobertura para incorporar a ni\u00f1os y ni\u00f1as bajo modalidades de cuidado alternativo familiar, quienes no deber\u00e1n cumplir con el requisito de pertenecer al 80% m\u00e1s vulnerable del RSH. Tambi\u00e9n se incluy\u00f3 a los ni\u00f1os y ni\u00f1as nacidos o que nazcan entre el 2 de junio de 2026 y el 15 de marzo de 2027, siempre que sus madres pertenezcan al 80% m\u00e1s vulnerable del Registro Social de Hogares.<\/p>\n<p>Respecto de la fecha de entrega, D\u00edaz Jopia indic\u00f3 que \u201cesperamos que se pague lo antes posible. Por lo mismo, estaremos informando las fechas una vez que tengamos esa definici\u00f3n, para que las familias sepan oportunamente cu\u00e1ndo comenzar\u00e1 a entregarse este beneficio\u201d.<\/p>\n","protected":false},"excerpt":{"rendered":"<p>\u00b7 La iniciativa impulsada por el Gobierno, que durante su tramitaci\u00f3n incorpor\u00f3 79 mil nuevos beneficiarios, contempla un pago \u00fanico y autom\u00e1tico por cada ni\u00f1o&hellip; <\/p>\n","protected":false},"author":7,"featured_media":108316,"comment_status":"closed","ping_status":"closed","sticky":false,"template":"","format":"standard","meta":{"footnotes":""},"categories":[38],"tags":[],"class_list":["post-108315","post","type-post","status-publish","format-standard","has-post-thumbnail","hentry","category-portada-regional"],"_links":{"self":[{"href":"https:\/\/www.radioamigavallenar.cl\/index.php?rest_route=\/wp\/v2\/posts\/108315","targetHints":{"allow":["GET"]}}],"collection":[{"href":"https:\/\/www.radioamigavallenar.cl\/index.php?rest_route=\/wp\/v2\/posts"}],"about":[{"href":"https:\/\/www.radioamigavallenar.cl\/index.php?rest_route=\/wp\/v2\/types\/post"}],"author":[{"embeddable":true,"href":"https:\/\/www.radioamigavallenar.cl\/index.php?rest_route=\/wp\/v2\/users\/7"}],"replies":[{"embeddable":true,"href":"https:\/\/www.radioamigavallenar.cl\/index.php?rest_route=%2Fwp%2Fv2%2Fcomments&post=108315"}],"version-history":[{"count":1,"href":"https:\/\/www.radioamigavallenar.cl\/index.php?rest_route=\/wp\/v2\/posts\/108315\/revisions"}],"predecessor-version":[{"id":108317,"href":"https:\/\/www.radioamigavallenar.cl\/index.php?rest_route=\/wp\/v2\/posts\/108315\/revisions\/108317"}],"wp:featuredmedia":[{"embeddable":true,"href":"https:\/\/www.radioamigavallenar.cl\/index.php?rest_route=\/wp\/v2\/media\/108316"}],"wp:attachment":[{"href":"https:\/\/www.radioamigavallenar.cl\/index.php?rest_route=%2Fwp%2Fv2%2Fmedia&parent=108315"}],"wp:term":[{"taxonomy":"category","embeddable":true,"href":"https:\/\/www.radioamigavallenar.cl\/index.php?rest_route=%2Fwp%2Fv2%2Fcategories&post=108315"},{"taxonomy":"post_tag","embeddable":true,"href":"https:\/\/www.radioamigavallenar.cl\/index.php?rest_route=%2Fwp%2Fv2%2Ftags&post=108315"}],"curies":[{"name":"wp","href":"https:\/\/api.w.org\/{rel}","templated":true}]}}