{"id":108312,"date":"2026-09-04T06:32:50","date_gmt":"2026-09-04T10:32:50","guid":{"rendered":"https:\/\/www.radioamigavallenar.cl\/?p=108312"},"modified":"2026-09-04T06:32:50","modified_gmt":"2026-09-04T10:32:50","slug":"gendarmeria-y-senda-fortalecen-alianza-de-colaboracion-para-la-reinsercion-social","status":"publish","type":"post","link":"https:\/\/www.radioamigavallenar.cl\/?p=108312","title":{"rendered":"Gendarmer\u00eda y Senda fortalecen alianza de colaboraci\u00f3n para la reinserci\u00f3n social"},"content":{"rendered":"<p>Enmarcado en la implementaci\u00f3n de acciones estrat\u00e9gicas de las personas que cumplen o han cumplido condena, bajo la custodia de Gendarmer\u00eda Atacama, siendo el foco la derivaci\u00f3n de usuarios que presentan consumo de alcohol y otras sustancias.<\/p>\n<p>Una duraci\u00f3n de un a\u00f1o renovable por per\u00edodos iguales y sucesivos, tendr\u00e1 el convenio firmado este jueves por el director regional de Gendarmer\u00eda, coronel Alvaro L\u00f3pez Acu\u00f1a y la directora regional (s) de Senda, Claudia Monroy Sep\u00falveda, para los usuarios del Sistema Penitenciario que se encuentren cumpliendo penas en los subsistemas Postpenitenciario, Cerrado y Abierto de la Regi\u00f3n de Atacama.<\/p>\n<p>El director regional de Gendarmer\u00eda Atacama, Alvaro L\u00f3pez, destac\u00f3 la firma de este convenio, indicando que \u201cEs muy satisfactorio firmar este convenio que nos permite avanzar en nuestra misi\u00f3n institucional como es la reinserci\u00f3n social y seguridad p\u00fablica, gracias a las herramientas que entrega el Senda y que ayudar\u00e1 tanto a nuestros usuarios con la derivaci\u00f3n a los centros de tratamiento como a los profesionales a trav\u00e9s de mesas de trabajo y asesor\u00edas t\u00e9cnicas\u201d.<\/p>\n<p>En ese sentido, la directora regional (s) de Senda, Claudia Monroy, expres\u00f3 que \u201ceste convenio busca protocolizar el trabajo colaborativo que se est\u00e1 realizando entre ambas instituciones desde hace bastante tiempo a la fecha y que tiene que ver con las oportunidades de tratamiento a los usuarios de Gendarmer\u00eda. Lo que favorece las intervenciones de detenci\u00f3n temprana, referencia efectiva en el acompa\u00f1amiento y en el abordaje de temas de drogas emergentes vinculados con la entrevista motivacional\u201d.<\/p>\n<p>En este convenio, el objetivo de Gendarmer\u00eda es realizar charlas de orientaci\u00f3n a los profesionales y a los usuarios respecto al Decreto ley 409 sobre eliminaci\u00f3n de antecedentes penales. Asimismo, se entregar\u00e1n conocimientos t\u00e9cnicos hacia los profesionales de los Centros y Programas de Tratamiento en materia de Reinserci\u00f3n Social y estrategias de intervenci\u00f3n orientadas al abordaje de la reincidencia delictual y\/o conductas transgresoras a la norma.<\/p>\n","protected":false},"excerpt":{"rendered":"<p>Enmarcado en la implementaci\u00f3n de acciones estrat\u00e9gicas de las personas que cumplen o han cumplido condena, bajo la custodia de Gendarmer\u00eda Atacama, siendo el foco&hellip; <\/p>\n","protected":false},"author":7,"featured_media":108313,"comment_status":"closed","ping_status":"closed","sticky":false,"template":"","format":"standard","meta":{"footnotes":""},"categories":[38],"tags":[],"class_list":["post-108312","post","type-post","status-publish","format-standard","has-post-thumbnail","hentry","category-portada-regional"],"_links":{"self":[{"href":"https:\/\/www.radioamigavallenar.cl\/index.php?rest_route=\/wp\/v2\/posts\/108312","targetHints":{"allow":["GET"]}}],"collection":[{"href":"https:\/\/www.radioamigavallenar.cl\/index.php?rest_route=\/wp\/v2\/posts"}],"about":[{"href":"https:\/\/www.radioamigavallenar.cl\/index.php?rest_route=\/wp\/v2\/types\/post"}],"author":[{"embeddable":true,"href":"https:\/\/www.radioamigavallenar.cl\/index.php?rest_route=\/wp\/v2\/users\/7"}],"replies":[{"embeddable":true,"href":"https:\/\/www.radioamigavallenar.cl\/index.php?rest_route=%2Fwp%2Fv2%2Fcomments&post=108312"}],"version-history":[{"count":1,"href":"https:\/\/www.radioamigavallenar.cl\/index.php?rest_route=\/wp\/v2\/posts\/108312\/revisions"}],"predecessor-version":[{"id":108314,"href":"https:\/\/www.radioamigavallenar.cl\/index.php?rest_route=\/wp\/v2\/posts\/108312\/revisions\/108314"}],"wp:featuredmedia":[{"embeddable":true,"href":"https:\/\/www.radioamigavallenar.cl\/index.php?rest_route=\/wp\/v2\/media\/108313"}],"wp:attachment":[{"href":"https:\/\/www.radioamigavallenar.cl\/index.php?rest_route=%2Fwp%2Fv2%2Fmedia&parent=108312"}],"wp:term":[{"taxonomy":"category","embeddable":true,"href":"https:\/\/www.radioamigavallenar.cl\/index.php?rest_route=%2Fwp%2Fv2%2Fcategories&post=108312"},{"taxonomy":"post_tag","embeddable":true,"href":"https:\/\/www.radioamigavallenar.cl\/index.php?rest_route=%2Fwp%2Fv2%2Ftags&post=108312"}],"curies":[{"name":"wp","href":"https:\/\/api.w.org\/{rel}","templated":true}]}}