{"id":108309,"date":"2026-09-04T06:31:06","date_gmt":"2026-09-04T10:31:06","guid":{"rendered":"https:\/\/www.radioamigavallenar.cl\/?p=108309"},"modified":"2026-09-04T06:31:06","modified_gmt":"2026-09-04T10:31:06","slug":"municipalidad-de-tierra-amarilla-inaugura-programa-gratuito-de-transportes-para-la-comunidad","status":"publish","type":"post","link":"https:\/\/www.radioamigavallenar.cl\/?p=108309","title":{"rendered":"Municipalidad de Tierra Amarilla inaugura programa gratuito de transportes para la comunidad"},"content":{"rendered":"<p>&#8211; 457 beneficiaros son parte del programa que tiene una duraci\u00f3n inicial de 3 meses.<\/p>\n<p>&#8211; Desde Nantoco a Copiap\u00f3, pasando por Poblaci\u00f3n Luis Uribe, y hasta el Hospital, supermercados, Inacap, UDA \u00e1rea norte y Mall Plaza ser\u00e1n parte del trayecto.<\/p>\n<p>&#8211; 9 son los recorridos desde las 06:00 AM hasta las 19:30, de lunes a viernes.<\/p>\n<p>\u201c\u00a1Empezamos el mes de septiembre con buses gratis para Tierra Amarilla!\u201d. Con estas palabras el Alcalde de Tierra Amarilla, Crist\u00f3bal Z\u00fa\u00f1iga Arancibia, cort\u00f3 la cinta en la inauguraci\u00f3n del innovador proyecto de transporte gratuito que conectar\u00e1 a vecinos de Tierra Amarilla con Copiap\u00f3, con recorridos desde Nantoco a las calles Chacabuco, la sede UDA \u00e1rea norte y el Mall Plaza.<\/p>\n<p>Ceremonia en la que participaron los Concejales Raphael Campusano, Rub\u00e9n Hidalgo, Delfina Marcoleta y Walter Cort\u00e9s adem\u00e1s de una treintena de vecinos estudiantes de ense\u00f1anza media y superior, personas mayores, cuidadoras y con discapacidad que valoraron la iniciativa agradeciendo la gesti\u00f3n para trasladarse a realizar tr\u00e1mites, atenciones m\u00e9dicas y\/o estudiar.<\/p>\n<p>En el recorrido de inicio, Olga Flores, beneficiaria de programa se\u00f1al\u00f3: \u201cMe siento contenta porque en realidad nos hac\u00eda falta para muchas personas, para mi tambi\u00e9n. As\u00ed que estoy contenta con lo que hizo el Alcalde para darle la oportunidad a la gente que viaje gratis\u201d.<\/p>\n<p>\u201cEstoy muy agradecida del Se\u00f1or Alcalde por todas las gestiones que est\u00e1 realizando por los adultos mayores, para que viajen tranquilamente, porque como adultos pasan enfermitos, van al Hospital, ida y vuelta\u201d, agradeci\u00f3 Mar\u00eda Leiva, quien tambi\u00e9n est\u00e1 inscrita en el servicio.<\/p>\n<p>En esa misma l\u00ednea, Nelly Garc\u00eda, quien deba usar muleta, valor\u00f3 el programa: \u201cGracias a Dios y gracias al Alcalde y gracias a todos. Tenemos, por lo menos derecho a ir al Hospital a control sin pagar nada. Yo soy discapacitada as\u00ed que es una gran ayuda\u201d.<\/p>\n<p>La iniciativa cuenta con 9 recorridos desde las 06:00 AM y a las 06:30, 07:30, 09:30, 10:00 y 10:30 horas desde Nantoco a la capital regional, pasando por la Poblaci\u00f3n Luis Uribe, el Hospital (calle Vicu\u00f1a), supermercados (Chacabuco), Registro Civil y Sede \u00c1rea Norte de la Universidad de Atacama.<\/p>\n<p>Mientras que los retornos desde Copiap\u00f3 se realizan por toda la extensi\u00f3n de Copayapu a las 07:30 horas, 08:00 y 09:00 AM, mientras que en la tarde desde las 17:30, 18:30 y 19:30 horas el regreso desde Copiap\u00f3 a Tierra Amarilla, terminando su recorrido en Nantoco.<\/p>\n<p style=\"text-align: center;\"><strong>GESTIONES QUE VIENEN A RESOLVER UNA NECESIDAD<\/strong><\/p>\n<p>El Alcalde de Tierra Amarilla, Crist\u00f3bal Z\u00fa\u00f1iga Arancibia, valor\u00f3 este proyecto que apunta directamente a una necesidad de la comunidad: \u201cYo s\u00e9 que es harta la necesidad, no solo en Tierra Amarilla sino que a nivel nacional. Lo que son las pensiones, lo que es tener que comprar medicamentos todos los meses, lo que es tener que ir al control, al Cesfam pero tambi\u00e9n a veces al Hospital y el no tener en qu\u00e9 moverse es un suplicio, es un martirio y es terrible\u201d.<\/p>\n<p>En la ceremonia, la primera autoridad record\u00f3 que \u201cantes de la pandemia ten\u00edamos micros, pero fueron dejando de usarse hasta que se perdi\u00f3 y despu\u00e9s nos quitaron las micros. Hab\u00eda cuarentenas, uno no pod\u00eda salir mucho, pero cuando se termin\u00f3 la pandemia nunca m\u00e1s volvieron las micros y ten\u00edamos que empezar a movernos\u201d, lament\u00f3.<\/p>\n<p>Con todo, el Alcalde Crist\u00f3bal Z\u00fa\u00f1iga Arancibia apunt\u00f3 a que el transporte es un derecho que, con esta iniciativa estudiantes, personas mayores, cuidadoras y personas con discapacidad tienen para facilitarles su d\u00eda a d\u00eda.<\/p>\n","protected":false},"excerpt":{"rendered":"<p>&#8211; 457 beneficiaros son parte del programa que tiene una duraci\u00f3n inicial de 3 meses. &#8211; Desde Nantoco a Copiap\u00f3, pasando por Poblaci\u00f3n Luis Uribe,&hellip; <\/p>\n","protected":false},"author":7,"featured_media":108310,"comment_status":"closed","ping_status":"closed","sticky":false,"template":"","format":"standard","meta":{"footnotes":""},"categories":[38],"tags":[],"class_list":["post-108309","post","type-post","status-publish","format-standard","has-post-thumbnail","hentry","category-portada-regional"],"_links":{"self":[{"href":"https:\/\/www.radioamigavallenar.cl\/index.php?rest_route=\/wp\/v2\/posts\/108309","targetHints":{"allow":["GET"]}}],"collection":[{"href":"https:\/\/www.radioamigavallenar.cl\/index.php?rest_route=\/wp\/v2\/posts"}],"about":[{"href":"https:\/\/www.radioamigavallenar.cl\/index.php?rest_route=\/wp\/v2\/types\/post"}],"author":[{"embeddable":true,"href":"https:\/\/www.radioamigavallenar.cl\/index.php?rest_route=\/wp\/v2\/users\/7"}],"replies":[{"embeddable":true,"href":"https:\/\/www.radioamigavallenar.cl\/index.php?rest_route=%2Fwp%2Fv2%2Fcomments&post=108309"}],"version-history":[{"count":1,"href":"https:\/\/www.radioamigavallenar.cl\/index.php?rest_route=\/wp\/v2\/posts\/108309\/revisions"}],"predecessor-version":[{"id":108311,"href":"https:\/\/www.radioamigavallenar.cl\/index.php?rest_route=\/wp\/v2\/posts\/108309\/revisions\/108311"}],"wp:featuredmedia":[{"embeddable":true,"href":"https:\/\/www.radioamigavallenar.cl\/index.php?rest_route=\/wp\/v2\/media\/108310"}],"wp:attachment":[{"href":"https:\/\/www.radioamigavallenar.cl\/index.php?rest_route=%2Fwp%2Fv2%2Fmedia&parent=108309"}],"wp:term":[{"taxonomy":"category","embeddable":true,"href":"https:\/\/www.radioamigavallenar.cl\/index.php?rest_route=%2Fwp%2Fv2%2Fcategories&post=108309"},{"taxonomy":"post_tag","embeddable":true,"href":"https:\/\/www.radioamigavallenar.cl\/index.php?rest_route=%2Fwp%2Fv2%2Ftags&post=108309"}],"curies":[{"name":"wp","href":"https:\/\/api.w.org\/{rel}","templated":true}]}}