{"id":108306,"date":"2026-09-04T06:29:27","date_gmt":"2026-09-04T10:29:27","guid":{"rendered":"https:\/\/www.radioamigavallenar.cl\/?p=108306"},"modified":"2026-09-04T06:29:27","modified_gmt":"2026-09-04T10:29:27","slug":"xiii-semana-de-la-construccion-atacama-2026-federico-sanchez-destaca-el-parque-kaukari-y-llama-a-buscar-a-los-mejores-para-desarrollar-atacama","status":"publish","type":"post","link":"https:\/\/www.radioamigavallenar.cl\/?p=108306","title":{"rendered":"XIII Semana de la Construcci\u00f3n Atacama 2026: Federico S\u00e1nchez destaca el Parque Kaukari y llama a \u201cbuscar a los mejores para desarrollar Atacama\u201d"},"content":{"rendered":"<p>La jornada de clausura puso en el centro la relaci\u00f3n entre arquitectura, paisaje, patrimonio e identidad, y abri\u00f3 una reflexi\u00f3n sobre c\u00f3mo proyectar el desarrollo de las ciudades de Atacama. El encuentro fue organizado por la CChC Atacama y la Universidad de Atacama.<\/p>\n<p>Con una jornada dedicada a la ciudad, la arquitectura y el patrimonio, la C\u00e1mara Chilena de la Construcci\u00f3n Atacama y la Universidad de Atacama cerraron este jueves 3 de septiembre la XIII Semana de la Construcci\u00f3n Atacama 2026, encuentro desarrollado en el Parque Kaukari de Copiap\u00f3 que reuni\u00f3 a representantes del sector p\u00fablico y privado, la academia, estudiantes y la comunidad. La actividad tuvo como eje la necesidad de poner en valor las particularidades del territorio y avanzar hacia ciudades con mayor identidad, abordando los desaf\u00edos y oportunidades que enfrenta la regi\u00f3n para proyectar su desarrollo.<\/p>\n<p>El cierre estuvo marcado por la charla magistral \u201cArquitectura, Arte y Dise\u00f1o: Origen y Destino\u201d, a cargo del reconocido arquitecto, acad\u00e9mico y comunicador Federico S\u00e1nchez, quien abord\u00f3 la relaci\u00f3n entre arquitectura, dise\u00f1o, arte, paisaje, territorio e identidad.<\/p>\n<p style=\"text-align: center;\"><strong>ARQUITECTURA E IDENTIDAD<\/strong><\/p>\n<p>Durante su exposici\u00f3n, Federico S\u00e1nchez destac\u00f3 especialmente el valor del Parque Kaukari como ejemplo de c\u00f3mo una intervenci\u00f3n puede recuperar espacios y generar nuevos v\u00ednculos entre la ciudad y su entorno.<\/p>\n<p>\u201cEl parque es una buena manera de representar esa identidad\u201d, sostuvo, destacando que el proyecto permiti\u00f3 \u201cactivar un suelo que estaba absolutamente en abandono\u201d. A partir de esta experiencia, afirm\u00f3 que \u201clos buenos arquitectos pueden generar buenas ciudades\u201d.<\/p>\n<p>El arquitecto tambi\u00e9n invit\u00f3 a la comunidad a conocer este espacio y valorar su aporte a Copiap\u00f3. \u201cHoy d\u00eda es orgullo de Copiap\u00f3. Por lo tanto, hay que visitarlo\u201d, se\u00f1al\u00f3, destacando que la obra logr\u00f3 relacionar el paisaje con el territorio y la ciudad.<\/p>\n<p>En su reflexi\u00f3n, Federico S\u00e1nchez llam\u00f3 adem\u00e1s a mirar las particularidades de Atacama como oportunidades. En ese contexto, abord\u00f3 la presencia de relaves mineros, planteando una mirada distinta frente a este desaf\u00edo. \u201cLos relaves tambi\u00e9n son una oportunidad\u201d, sostuvo, agregando que \u201cen la medida en que nosotros objetemos esos relaves, podemos hacer un maravilloso paisaje con esos relaves\u201d.<\/p>\n<p>En esta l\u00ednea, valor\u00f3 el trabajo que desarrolla la Universidad de Atacama en iniciativas vinculadas a la reconversi\u00f3n de relaves y destac\u00f3 el rol de la academia en la b\u00fasqueda de nuevas alternativas para el territorio. \u201cLa universidad es el lugar donde se pueden abrir reflexiones contundentes respecto de las posibilidades de futuro\u201d, afirm\u00f3.<\/p>\n<p style=\"text-align: center;\"><strong>DESIERTO FLORIDO Y PATRIMONIO<\/strong><\/p>\n<p>Otro de los temas abordados fue el desierto florido, fen\u00f3meno que S\u00e1nchez identific\u00f3 como una oportunidad para fortalecer el turismo y, al mismo tiempo, poner en valor la cultura y la identidad regional.<\/p>\n<p>\u201cMe gustar\u00eda que no fuese un turismo cualquiera, que fuese un turismo que te pone ante el paisaje, que te pone ante el territorio, que te pone ante el suelo, ese suelo florido\u201d, expres\u00f3.<\/p>\n<p>En esa misma l\u00ednea, plante\u00f3 que esta experiencia puede vincularse con la cultura, las tradiciones y el patrimonio local. \u201cOjal\u00e1 fuesen servicios que te pongan ante la cultura de Copiap\u00f3, ante la identidad, ante la tradici\u00f3n, ante el patrimonio de Copiap\u00f3\u201d, se\u00f1al\u00f3.<\/p>\n<p>El arquitecto tambi\u00e9n destac\u00f3 obras como el Museo Regional de Atacama y el Parque Kaukari, como ejemplos del aporte que una buena arquitectura puede generar en el desarrollo de las ciudades.<\/p>\n<p style=\"text-align: center;\"><strong>CCHC ATACAMA: \u201cBUSCAR A LOS MEJORES PARA DESARROLLAR ATACAMA\u201d<\/strong><\/p>\n<p>El presidente de la CChC Atacama, Cristi\u00e1n Alzamora, valor\u00f3 el cierre de la Semana de la Construcci\u00f3n y destac\u00f3 la reflexi\u00f3n planteada por S\u00e1nchez, especialmente el llamado a reconocer y poner en valor lo que ya existe en la regi\u00f3n.<\/p>\n<p>\u201cTuvimos un cierre espectacular con Federico S\u00e1nchez, que nos habl\u00f3 un poco de poner en valor lo que tenemos en Atacama\u201d, se\u00f1al\u00f3.<\/p>\n<p>El presidente regional afirm\u00f3 que uno de los principales aprendizajes de la jornada es la necesidad de \u201cpensar y reflexionar en la ciudad, en el futuro\u201d, destacando tambi\u00e9n el llamado de S\u00e1nchez a \u201cbuscar a los mejores para desarrollar Atacama\u201d.<\/p>\n<p>El dirigente gremial puso como ejemplo el propio Parque Kaukari, destacando que su desarrollo surgi\u00f3 del v\u00ednculo entre un socio de la C\u00e1mara y un arquitecto.<\/p>\n<p>\u201cEntendemos que ese es el camino correcto y obviamente como sede regional vamos a seguir impulsando ese tipo de acciones\u201d, afirm\u00f3.<\/p>\n<p style=\"text-align: center;\"><strong>TRABAJO P\u00daBLICO-PRIVADO Y VISI\u00d3N DE FUTURO<\/strong><\/p>\n<p>Cristian Alzamora tambi\u00e9n relev\u00f3 la importancia de fortalecer la colaboraci\u00f3n entre distintos actores para enfrentar los desaf\u00edos de la regi\u00f3n. \u201cUnir el mundo p\u00fablico y privado en un pensar en Atacama hacia el futuro y resolver las dificultades m\u00e1s a corto plazo es el camino m\u00e1s adecuado\u201d, sostuvo.<\/p>\n<p>En este sentido, reiter\u00f3 la disposici\u00f3n del gremio a aportar en la generaci\u00f3n de iniciativas y proyectos que permitan avanzar en una visi\u00f3n de largo plazo para la regi\u00f3n.<\/p>\n<p>Asimismo, destac\u00f3 la importancia de la relaci\u00f3n entre empresas y academia. \u201cLa academia es el camino que debemos seguir\u201d, afirm\u00f3, se\u00f1alando que las nuevas generaciones deben contar con espacios donde puedan conocer la experiencia del sector productivo y proyectar el futuro desde el territorio.<\/p>\n<p style=\"text-align: center;\"><strong>UNIVERSIDAD DE ATACAMA: \u201cLA CIUDAD NECESITA ESTE TIPO DE CONVERSACIONES\u201d<\/strong><\/p>\n<p>El director del Departamento de Construcci\u00f3n Civil de la Universidad de Atacama, William Cort\u00e9s Guzm\u00e1n, destac\u00f3 que las jornadas permitieron generar espacios de reflexi\u00f3n sobre la realidad de Copiap\u00f3 y los desaf\u00edos de la regi\u00f3n.<\/p>\n<p>\u201cLa ciudad hoy d\u00eda necesita de este tipo de conversaciones porque nos sit\u00faa en la realidad\u201d, sostuvo, valorando el car\u00e1cter de las distintas jornadas y su aporte al debate sobre el desarrollo regional.<\/p>\n<p>Respecto de la exposici\u00f3n de Federico S\u00e1nchez, el director destac\u00f3 que se trat\u00f3 de una instancia \u201cmuy coloquial pero tambi\u00e9n muy profunda\u201d, que permiti\u00f3 acercar nuevas perspectivas sobre el trabajo de los profesionales vinculados a la construcci\u00f3n.<\/p>\n<p>Entre los desaf\u00edos que deja este encuentro, plante\u00f3 la necesidad de acercar estas discusiones a un p\u00fablico m\u00e1s amplio. \u201cMe encantar\u00eda que fueran m\u00e1s masivas, que particip\u00e1ramos m\u00e1s, porque as\u00ed podemos entregarles herramientas que puedan servirnos para poder crecer como ciudad, como regi\u00f3n\u201d, se\u00f1al\u00f3.<\/p>\n<p>&nbsp;<\/p>\n<p style=\"text-align: center;\"><strong>J\u00d3VENES, PATRIMONIO Y FUTURO<\/strong><\/p>\n<p>La jornada tambi\u00e9n contempl\u00f3 el reconocimiento al Liceo Tecnol\u00f3gico de Copiap\u00f3, ganador de la jornada interescolar desarrollada durante la apertura de la Semana de la Construcci\u00f3n, actividad vinculada al programa Construyo Mi Futuro de la CChC.<\/p>\n<p>Actualmente, esta iniciativa alcanza a cuatro liceos y m\u00e1s de 550 estudiantes de especialidades relacionadas con la construcci\u00f3n en la regi\u00f3n, fortaleciendo el v\u00ednculo entre los establecimientos t\u00e9cnico-profesionales y el mundo productivo.<\/p>\n<p>Asimismo, durante el cierre se present\u00f3 \u201cTesoros de mi Ciudad\u201d, audiovisual realizado en el marco de Mundo Socio CChC que releva parte de la historia, el patrimonio y la identidad de Copiap\u00f3.<\/p>\n<p>Con esta jornada concluy\u00f3 la XIII Semana de la Construcci\u00f3n Atacama 2026, con un llamado a trabajar de manera conjunta entre el sector p\u00fablico, privado, la academia y la comunidad para impulsar el desarrollo de Atacama y construir un futuro que valore su identidad, patrimonio y territorio.<\/p>\n<p>Durante sus cuatro jornadas, la instancia abord\u00f3 desde las brechas de infraestructura y calidad de vida urbana hasta los desaf\u00edos de las ciudades, la sostenibilidad, la formaci\u00f3n de nuevos talentos y la puesta en valor del patrimonio regional, generando un espacio de di\u00e1logo entre quienes hoy construyen Atacama y las nuevas generaciones que tendr\u00e1n la responsabilidad de proyectarla.<\/p>\n","protected":false},"excerpt":{"rendered":"<p>La jornada de clausura puso en el centro la relaci\u00f3n entre arquitectura, paisaje, patrimonio e identidad, y abri\u00f3 una reflexi\u00f3n sobre c\u00f3mo proyectar el desarrollo&hellip; <\/p>\n","protected":false},"author":7,"featured_media":108307,"comment_status":"closed","ping_status":"closed","sticky":false,"template":"","format":"standard","meta":{"footnotes":""},"categories":[38],"tags":[],"class_list":["post-108306","post","type-post","status-publish","format-standard","has-post-thumbnail","hentry","category-portada-regional"],"_links":{"self":[{"href":"https:\/\/www.radioamigavallenar.cl\/index.php?rest_route=\/wp\/v2\/posts\/108306","targetHints":{"allow":["GET"]}}],"collection":[{"href":"https:\/\/www.radioamigavallenar.cl\/index.php?rest_route=\/wp\/v2\/posts"}],"about":[{"href":"https:\/\/www.radioamigavallenar.cl\/index.php?rest_route=\/wp\/v2\/types\/post"}],"author":[{"embeddable":true,"href":"https:\/\/www.radioamigavallenar.cl\/index.php?rest_route=\/wp\/v2\/users\/7"}],"replies":[{"embeddable":true,"href":"https:\/\/www.radioamigavallenar.cl\/index.php?rest_route=%2Fwp%2Fv2%2Fcomments&post=108306"}],"version-history":[{"count":1,"href":"https:\/\/www.radioamigavallenar.cl\/index.php?rest_route=\/wp\/v2\/posts\/108306\/revisions"}],"predecessor-version":[{"id":108308,"href":"https:\/\/www.radioamigavallenar.cl\/index.php?rest_route=\/wp\/v2\/posts\/108306\/revisions\/108308"}],"wp:featuredmedia":[{"embeddable":true,"href":"https:\/\/www.radioamigavallenar.cl\/index.php?rest_route=\/wp\/v2\/media\/108307"}],"wp:attachment":[{"href":"https:\/\/www.radioamigavallenar.cl\/index.php?rest_route=%2Fwp%2Fv2%2Fmedia&parent=108306"}],"wp:term":[{"taxonomy":"category","embeddable":true,"href":"https:\/\/www.radioamigavallenar.cl\/index.php?rest_route=%2Fwp%2Fv2%2Fcategories&post=108306"},{"taxonomy":"post_tag","embeddable":true,"href":"https:\/\/www.radioamigavallenar.cl\/index.php?rest_route=%2Fwp%2Fv2%2Ftags&post=108306"}],"curies":[{"name":"wp","href":"https:\/\/api.w.org\/{rel}","templated":true}]}}