{"id":108303,"date":"2026-09-04T06:26:50","date_gmt":"2026-09-04T10:26:50","guid":{"rendered":"https:\/\/www.radioamigavallenar.cl\/?p=108303"},"modified":"2026-09-04T06:26:50","modified_gmt":"2026-09-04T10:26:50","slug":"huasco-gana-el-campeonato-regional-de-cueca-de-las-personas-mayores-y-se-prepara-para-el-nacional-en-tome","status":"publish","type":"post","link":"https:\/\/www.radioamigavallenar.cl\/?p=108303","title":{"rendered":"Huasco gana el Campeonato Regional de Cueca de las Personas Mayores y se prepara para el nacional en Tom\u00e9"},"content":{"rendered":"<p>\u00b7 La jornada cont\u00f3 con la participaci\u00f3n de ocho comunas de la Regi\u00f3n de Atacama.<\/p>\n<p>En el Centro Cultural de Copiap\u00f3 se llev\u00f3 a cabo el Campeonato Regional de Cueca de las Personas Mayores, instancia que reuni\u00f3 a representantes de distintas comunas de Atacama para celebrar el baile nacional y elegir a la pareja que representar\u00e1 a la regi\u00f3n en el pr\u00f3ximo campeonato nacional, a realizarse en la comuna de Tom\u00e9.<\/p>\n<p>La actividad fue organizada por la Municipalidad de Copiap\u00f3, a trav\u00e9s de su Oficina del Adulto Mayor, y cont\u00f3 con la participaci\u00f3n de parejas mayores de 60 a\u00f1os provenientes de diferentes comunas de la regi\u00f3n, quienes demostraron sobre el escenario todo el trabajo y preparaci\u00f3n que realizaron durante los \u00faltimos meses.<\/p>\n<p>El alcalde (s) de Copiap\u00f3, Virgilio V\u00e1squez, destac\u00f3 el entusiasmo y compromiso que se vivi\u00f3 durante la competencia, no solo por parte de las parejas participantes, sino tambi\u00e9n de las barras y organizaciones: \u201cHoy vivimos una verdadera fiesta de la cueca en nuestro Centro Cultural, con familias, amigos y hermanos apoyando con mucho cari\u00f1o a sus parejas favoritas. Tuvimos m\u00fasica en vivo, artistas invitados y, sobre todo, un hermoso ambiente de alegr\u00eda y compa\u00f1erismo. El alcalde Maglio Cicardini ha sido enf\u00e1tico con que nuestras personas mayores merecen todo este reconocimiento y mucho m\u00e1s, porque son parte fundamental de nuestra comunidad y nos ense\u00f1an que las ganas de compartir y disfrutar no tienen l\u00edmite de edad\u201d.<\/p>\n<p>Por su parte, el alcalde de Huasco, Genaro Brice\u00f1o, reconoci\u00f3 la participaci\u00f3n de las personas mayores durante la jornada y el compromiso de acompa\u00f1ar a la pareja ganadora en su pr\u00f3ximo desaf\u00edo nacional: \u201cYo creo que la misma actividad que organiz\u00f3 la Municipalidad de Copiap\u00f3 convoca a nuestras personas mayores y demuestra la importancia que tienen en lo que es compartir con todas las comunidades que se hicieron presentes. Estamos contentos tambi\u00e9n, nos llevamos la alegr\u00eda del triunfo, pero tambi\u00e9n somos responsables de representar a la Regi\u00f3n de Atacama. Vamos a acompa\u00f1ar a nuestra pareja, Lidia y Julio, en Tom\u00e9, con todo el coraz\u00f3n y todo el \u00e1nimo de la Tercera Regi\u00f3n, representando a Huasco y a nuestra querida Regi\u00f3n de Atacama\u201d.<\/p>\n<p>El primer lugar fue obtenido por la pareja representante de la comuna de Huasco, integrada por Julio Gonz\u00e1lez y Lidia Gonz\u00e1lez, quienes ahora tendr\u00e1n el desaf\u00edo de representar a la Regi\u00f3n de Atacama en el Campeonato Nacional de Cueca de Personas Mayores que se realizar\u00e1 pr\u00f3ximamente en Tom\u00e9.<\/p>\n<p>En tanto, el segundo lugar fue para la pareja de Tierra Amarilla, conformada por Bernardo Cort\u00e9s y Glenda Cort\u00e9s, mientras que el tercer lugar lo obtuvo la comuna de Cha\u00f1aral, representada por Patricio Trujillo y Elsa Trujillo.<\/p>\n<p>Lidia Gonz\u00e1lez, representante de la comuna de Huasco, manifest\u00f3 su alegr\u00eda tras obtener el primer lugar: \u201cEstoy muy contenta, emocionada, llorona, de todo un poco. Ahora hay que prepararse m\u00e1s, pulirse y darlo todo por nuestra regi\u00f3n. Esto es muy lindo porque tambi\u00e9n te ayuda a salir de la casa, salir de la rutina y participar. El folclore sirve mucho para eso y siempre hay que seguir creciendo y dando m\u00e1s\u201d.<\/p>\n<p>Asimismo, su compa\u00f1ero de danza, Julio Gonz\u00e1lez, valor\u00f3 la experiencia de participar por primera vez en una instancia de este nivel y destac\u00f3 el apoyo recibido: \u201cEs la primera vez que participo en un campeonato nacional de cueca y nunca imagin\u00e9 que iba a estar aqu\u00ed, en un escenario, compartiendo con todo el p\u00fablico y con la gente que me acogi\u00f3. Tambi\u00e9n quiero agradecer a mi hijo, que me ayud\u00f3 harto durante todo este proceso, me siento muy feliz de estar ac\u00e1\u201d.<\/p>\n<p>La jornada, que se extendi\u00f3 por cerca de cuatro horas, estuvo marcada por la alegr\u00eda y entusiasmo de las barras que llegaron desde distintas comunas de la regi\u00f3n para apoyar a sus parejas, llenando el recinto de banderas, globos y poleras con los colores representativos de cada participante.<\/p>\n<p>En este sentido, el coordinador regional de SENAMA Atacama, Marcelo Gabriel Entrala, expres\u00f3 que: \u201cSe ve\u00eda precioso el Centro Cultural de Atacama, que adem\u00e1s se est\u00e1 reinaugurando con este tipo de actividades que ponen en relevancia la participaci\u00f3n de las personas mayores y lo que busca el Servicio Nacional del Adulto Mayor, que es la promoci\u00f3n de un envejecimiento digno, activo y saludable. Agradezco a la Ilustre Municipalidad de Copiap\u00f3 por la excelente organizaci\u00f3n de esta actividad y, adem\u00e1s, felicitar a la pareja de la comuna de Huasco, que va a representar a la Regi\u00f3n de Atacama en el nacional\u201d.<\/p>\n<p>Finalmente, desde la organizaci\u00f3n se reconoci\u00f3 el trabajo, entusiasmo y compromiso de todas las parejas y delegaciones que participaron en esta instancia, representando a las comunas de Vallenar, Copiap\u00f3, Caldera, Alto del Carmen, Freirina, Tierra Amarilla, Cha\u00f1aral y Huasco. El pr\u00f3ximo desaf\u00edo ser\u00e1 en Tom\u00e9, donde a fines de septiembre se conocer\u00e1 a la pareja que se coronar\u00e1 como ganadora del Campeonato Nacional de Cueca de Personas Mayores.<\/p>\n","protected":false},"excerpt":{"rendered":"<p>\u00b7 La jornada cont\u00f3 con la participaci\u00f3n de ocho comunas de la Regi\u00f3n de Atacama. En el Centro Cultural de Copiap\u00f3 se llev\u00f3 a cabo&hellip; <\/p>\n","protected":false},"author":7,"featured_media":108304,"comment_status":"closed","ping_status":"closed","sticky":false,"template":"","format":"standard","meta":{"footnotes":""},"categories":[7],"tags":[],"class_list":["post-108303","post","type-post","status-publish","format-standard","has-post-thumbnail","hentry","category-atacama"],"_links":{"self":[{"href":"https:\/\/www.radioamigavallenar.cl\/index.php?rest_route=\/wp\/v2\/posts\/108303","targetHints":{"allow":["GET"]}}],"collection":[{"href":"https:\/\/www.radioamigavallenar.cl\/index.php?rest_route=\/wp\/v2\/posts"}],"about":[{"href":"https:\/\/www.radioamigavallenar.cl\/index.php?rest_route=\/wp\/v2\/types\/post"}],"author":[{"embeddable":true,"href":"https:\/\/www.radioamigavallenar.cl\/index.php?rest_route=\/wp\/v2\/users\/7"}],"replies":[{"embeddable":true,"href":"https:\/\/www.radioamigavallenar.cl\/index.php?rest_route=%2Fwp%2Fv2%2Fcomments&post=108303"}],"version-history":[{"count":1,"href":"https:\/\/www.radioamigavallenar.cl\/index.php?rest_route=\/wp\/v2\/posts\/108303\/revisions"}],"predecessor-version":[{"id":108305,"href":"https:\/\/www.radioamigavallenar.cl\/index.php?rest_route=\/wp\/v2\/posts\/108303\/revisions\/108305"}],"wp:featuredmedia":[{"embeddable":true,"href":"https:\/\/www.radioamigavallenar.cl\/index.php?rest_route=\/wp\/v2\/media\/108304"}],"wp:attachment":[{"href":"https:\/\/www.radioamigavallenar.cl\/index.php?rest_route=%2Fwp%2Fv2%2Fmedia&parent=108303"}],"wp:term":[{"taxonomy":"category","embeddable":true,"href":"https:\/\/www.radioamigavallenar.cl\/index.php?rest_route=%2Fwp%2Fv2%2Fcategories&post=108303"},{"taxonomy":"post_tag","embeddable":true,"href":"https:\/\/www.radioamigavallenar.cl\/index.php?rest_route=%2Fwp%2Fv2%2Ftags&post=108303"}],"curies":[{"name":"wp","href":"https:\/\/api.w.org\/{rel}","templated":true}]}}