{"id":108297,"date":"2026-09-03T13:56:30","date_gmt":"2026-09-03T17:56:30","guid":{"rendered":"https:\/\/www.radioamigavallenar.cl\/?p=108297"},"modified":"2026-09-03T13:56:30","modified_gmt":"2026-09-03T17:56:30","slug":"kast-sobre-estrecho-de-magallanes-argentina-no-tiene-ni-tendra-jamas-soberania-ni-control","status":"publish","type":"post","link":"https:\/\/www.radioamigavallenar.cl\/?p=108297","title":{"rendered":"Kast sobre Estrecho de Magallanes: Argentina no tiene ni tendr\u00e1 jam\u00e1s soberan\u00eda ni control"},"content":{"rendered":"<div class=\"container fullwidth-entry-title-wrapper\">\n<div class=\"container-wrapper fullwidth-entry-title\">\n<header class=\"entry-header-outer\">\n<div class=\"entry-header\">\n<h1 class=\"post-title entry-title\"><span style=\"font-size: 15px; font-weight: 400;\">El Presidente Jos\u00e9 Antonio Kast reafirm\u00f3 este mi\u00e9rcoles que el Estrecho de Magallanes es territorio bajo soberan\u00eda chilena y asegur\u00f3 que Argentina \u201cno tiene ni tendr\u00e1 jam\u00e1s\u201d control sobre esta v\u00eda mar\u00edtima.<\/span><\/h1>\n<\/div>\n<\/header>\n<\/div>\n<\/div>\n<div id=\"content\" class=\"site-content container\">\n<div id=\"main-content-row\" class=\"tie-row main-content-row\">\n<div class=\"main-content tie-col-md-8 tie-col-xs-12\" role=\"main\">\n<article id=\"the-post\" class=\"container-wrapper post-content tie-standard\">\n<div class=\"entry-content entry clearfix\">\n<p>Las declaraciones fueron realizadas durante su participaci\u00f3n en el Navy Day, actividad organizada por la Armada en la Base Aeronaval de Punta Arenas, en la antesala de su reuni\u00f3n bilateral con el mandatario argentino, Javier Milei.<\/p>\n<p>Consultado por el decreto 457 firmado en 2021 por el expresidente argentino Alberto Fern\u00e1ndez y la posibilidad de que Argentina avance en su derogaci\u00f3n, Kast sostuvo que Chile no exigir\u00e1 dicha medida, argumentando que los tratados internacionales establecen claramente la soberan\u00eda nacional sobre el estrecho.<\/p>\n<div class=\"code-block code-block-5\">\n<div id=\"sas_99435\"><\/div>\n<\/div>\n<p>\u201cEs chileno y Argentina no tiene ni tendr\u00e1 jam\u00e1s soberan\u00eda ni control sobre el Estrecho de Magallanes\u201d, afirm\u00f3 el mandatario.<\/p>\n<p>Kast confirm\u00f3 adem\u00e1s que este jueves sostendr\u00e1 una reuni\u00f3n con Javier Milei, instancia en la que abordar\u00e1n distintos asuntos de la relaci\u00f3n bilateral. Sin embargo, asegur\u00f3 que la situaci\u00f3n del Estrecho de Magallanes es una materia que considera resuelta.<\/p>\n<p>\u201cEste tema est\u00e1 zanjado\u201d, se\u00f1al\u00f3 el Presidente, quien tambi\u00e9n destac\u00f3 que actualmente Chile mantiene buenas relaciones con sus pa\u00edses vecinos.<\/p>\n<\/div>\n<\/article>\n<\/div>\n<\/div>\n<\/div>\n","protected":false},"excerpt":{"rendered":"<p>El Presidente Jos\u00e9 Antonio Kast reafirm\u00f3 este mi\u00e9rcoles que el Estrecho de Magallanes es territorio bajo soberan\u00eda chilena y asegur\u00f3 que Argentina \u201cno tiene ni&hellip; <\/p>\n","protected":false},"author":5,"featured_media":101963,"comment_status":"closed","ping_status":"closed","sticky":false,"template":"","format":"standard","meta":{"footnotes":""},"categories":[37],"tags":[],"class_list":["post-108297","post","type-post","status-publish","format-standard","has-post-thumbnail","hentry","category-nacional"],"_links":{"self":[{"href":"https:\/\/www.radioamigavallenar.cl\/index.php?rest_route=\/wp\/v2\/posts\/108297","targetHints":{"allow":["GET"]}}],"collection":[{"href":"https:\/\/www.radioamigavallenar.cl\/index.php?rest_route=\/wp\/v2\/posts"}],"about":[{"href":"https:\/\/www.radioamigavallenar.cl\/index.php?rest_route=\/wp\/v2\/types\/post"}],"author":[{"embeddable":true,"href":"https:\/\/www.radioamigavallenar.cl\/index.php?rest_route=\/wp\/v2\/users\/5"}],"replies":[{"embeddable":true,"href":"https:\/\/www.radioamigavallenar.cl\/index.php?rest_route=%2Fwp%2Fv2%2Fcomments&post=108297"}],"version-history":[{"count":1,"href":"https:\/\/www.radioamigavallenar.cl\/index.php?rest_route=\/wp\/v2\/posts\/108297\/revisions"}],"predecessor-version":[{"id":108298,"href":"https:\/\/www.radioamigavallenar.cl\/index.php?rest_route=\/wp\/v2\/posts\/108297\/revisions\/108298"}],"wp:featuredmedia":[{"embeddable":true,"href":"https:\/\/www.radioamigavallenar.cl\/index.php?rest_route=\/wp\/v2\/media\/101963"}],"wp:attachment":[{"href":"https:\/\/www.radioamigavallenar.cl\/index.php?rest_route=%2Fwp%2Fv2%2Fmedia&parent=108297"}],"wp:term":[{"taxonomy":"category","embeddable":true,"href":"https:\/\/www.radioamigavallenar.cl\/index.php?rest_route=%2Fwp%2Fv2%2Fcategories&post=108297"},{"taxonomy":"post_tag","embeddable":true,"href":"https:\/\/www.radioamigavallenar.cl\/index.php?rest_route=%2Fwp%2Fv2%2Ftags&post=108297"}],"curies":[{"name":"wp","href":"https:\/\/api.w.org\/{rel}","templated":true}]}}