{"id":108294,"date":"2026-09-03T13:52:13","date_gmt":"2026-09-03T17:52:13","guid":{"rendered":"https:\/\/www.radioamigavallenar.cl\/?p=108294"},"modified":"2026-09-03T13:53:22","modified_gmt":"2026-09-03T17:53:22","slug":"renuncia-seremi-de-vivienda-de-tarapaca-y-ya-son-35-las-salidas-en-el-gobierno","status":"publish","type":"post","link":"https:\/\/www.radioamigavallenar.cl\/?p=108294","title":{"rendered":"Renuncia seremi de Vivienda de Tarapac\u00e1 y ya son 35 las salidas en el Gobierno"},"content":{"rendered":"<div class=\"container fullwidth-entry-title-wrapper\">\n<div class=\"container-wrapper fullwidth-entry-title\">\n<header class=\"entry-header-outer\">\n<div class=\"entry-header\">\n<h1 class=\"post-title entry-title\"><span style=\"font-size: 15px; font-weight: 400;\">El secretario regional ministerial de Vivienda y Urbanismo de Tarapac\u00e1, Alonso Vel\u00e1squez, present\u00f3 este mi\u00e9rcoles su renuncia al cargo que desempe\u00f1aba en la repartici\u00f3n gubernamental.<\/span><\/h1>\n<\/div>\n<\/header>\n<\/div>\n<\/div>\n<div id=\"content\" class=\"site-content container\">\n<div id=\"main-content-row\" class=\"tie-row main-content-row\">\n<div class=\"main-content tie-col-md-8 tie-col-xs-12\" role=\"main\">\n<article id=\"the-post\" class=\"container-wrapper post-content tie-standard\">\n<div class=\"entry-content entry clearfix\">\n<div class=\"code-block code-block-3\">\n<div id=\"sas_99069\">\n<div id=\"equativ_feedback_button_99069\" data-exclude-click=\"\"><img decoding=\"async\" src=\"https:\/\/ced-ns.sascdn.com\/diff\/templates\/images\/info.svg\" data-exclude-click=\"\" \/><\/div>\n<\/div>\n<\/div>\n<p>La salida fue ratificada por el Ministerio de Vivienda y Urbanismo, cartera que inform\u00f3 formalmente el cambio en la titularidad de la Seremi de la regi\u00f3n.<\/p>\n<p>De acuerdo con lo comunicado por el Minvu, la subrogancia quedar\u00e1 a cargo de Godeliver Miguelina del Carmen Arriagada Gonz\u00e1lez, actual jefa del Departamento de Desarrollo Urbano.<\/p>\n<p>La profesional asumir\u00e1 temporalmente la conducci\u00f3n de la secretar\u00eda regional ministerial y dar\u00e1 continuidad a las labores de la cartera, incluidos los proyectos habitacionales y urbanos que se encuentran en desarrollo en Tarapac\u00e1, mientras se define a la nueva autoridad titular.<\/p>\n<div class=\"code-block code-block-5\">\n<div id=\"sas_99435\"><\/div>\n<\/div>\n<p>Desde el Ministerio de Vivienda y Urbanismo tambi\u00e9n valoraron el trabajo realizado por Alonso Vel\u00e1squez durante el per\u00edodo en que estuvo al frente de la seremi regional.<\/p>\n<p>Con esta renuncia, ya son 35 los secretarios regionales ministeriales que han dejado sus cargos durante los primeros meses de la administraci\u00f3n del Presidente Jos\u00e9 Antonio Kast.<\/p>\n<\/div>\n<\/article>\n<\/div>\n<\/div>\n<\/div>\n","protected":false},"excerpt":{"rendered":"<p>El secretario regional ministerial de Vivienda y Urbanismo de Tarapac\u00e1, Alonso Vel\u00e1squez, present\u00f3 este mi\u00e9rcoles su renuncia al cargo que desempe\u00f1aba en la repartici\u00f3n gubernamental.&hellip; <\/p>\n","protected":false},"author":5,"featured_media":108295,"comment_status":"closed","ping_status":"closed","sticky":false,"template":"","format":"standard","meta":{"footnotes":""},"categories":[37],"tags":[],"class_list":["post-108294","post","type-post","status-publish","format-standard","has-post-thumbnail","hentry","category-nacional"],"_links":{"self":[{"href":"https:\/\/www.radioamigavallenar.cl\/index.php?rest_route=\/wp\/v2\/posts\/108294","targetHints":{"allow":["GET"]}}],"collection":[{"href":"https:\/\/www.radioamigavallenar.cl\/index.php?rest_route=\/wp\/v2\/posts"}],"about":[{"href":"https:\/\/www.radioamigavallenar.cl\/index.php?rest_route=\/wp\/v2\/types\/post"}],"author":[{"embeddable":true,"href":"https:\/\/www.radioamigavallenar.cl\/index.php?rest_route=\/wp\/v2\/users\/5"}],"replies":[{"embeddable":true,"href":"https:\/\/www.radioamigavallenar.cl\/index.php?rest_route=%2Fwp%2Fv2%2Fcomments&post=108294"}],"version-history":[{"count":1,"href":"https:\/\/www.radioamigavallenar.cl\/index.php?rest_route=\/wp\/v2\/posts\/108294\/revisions"}],"predecessor-version":[{"id":108296,"href":"https:\/\/www.radioamigavallenar.cl\/index.php?rest_route=\/wp\/v2\/posts\/108294\/revisions\/108296"}],"wp:featuredmedia":[{"embeddable":true,"href":"https:\/\/www.radioamigavallenar.cl\/index.php?rest_route=\/wp\/v2\/media\/108295"}],"wp:attachment":[{"href":"https:\/\/www.radioamigavallenar.cl\/index.php?rest_route=%2Fwp%2Fv2%2Fmedia&parent=108294"}],"wp:term":[{"taxonomy":"category","embeddable":true,"href":"https:\/\/www.radioamigavallenar.cl\/index.php?rest_route=%2Fwp%2Fv2%2Fcategories&post=108294"},{"taxonomy":"post_tag","embeddable":true,"href":"https:\/\/www.radioamigavallenar.cl\/index.php?rest_route=%2Fwp%2Fv2%2Ftags&post=108294"}],"curies":[{"name":"wp","href":"https:\/\/api.w.org\/{rel}","templated":true}]}}