{"id":108291,"date":"2026-09-03T13:49:45","date_gmt":"2026-09-03T17:49:45","guid":{"rendered":"https:\/\/www.radioamigavallenar.cl\/?p=108291"},"modified":"2026-09-03T13:49:45","modified_gmt":"2026-09-03T17:49:45","slug":"transporte-interurbano-refuerza-medidas-para-prevenir-accidentes-por-alcohol-y-drogas","status":"publish","type":"post","link":"https:\/\/www.radioamigavallenar.cl\/?p=108291","title":{"rendered":"Transporte interurbano refuerza medidas para prevenir accidentes por alcohol y drogas"},"content":{"rendered":"<div class=\"container fullwidth-entry-title-wrapper\">\n<div class=\"container-wrapper fullwidth-entry-title\">\n<header class=\"entry-header-outer\">\n<div class=\"entry-header\"><\/div>\n<\/header>\n<\/div>\n<\/div>\n<div id=\"content\" class=\"site-content container\">\n<div id=\"main-content-row\" class=\"tie-row main-content-row\">\n<div class=\"main-content tie-col-md-8 tie-col-xs-12\" role=\"main\">\n<article id=\"the-post\" class=\"container-wrapper post-content tie-standard\">\n<div id=\"share-buttons-top\" class=\"share-buttons share-buttons-top\">\n<div class=\"share-links  share-centered icons-only\"><\/div>\n<\/div>\n<div class=\"entry-content entry clearfix\">\n<p>Con el objetivo de reducir la siniestralidad vial asociada al consumo de alcohol y drogas, Senda, Mutual de Seguridad y gremios de buses del transporte interurbano suscribieron un compromiso sectorial de prevenci\u00f3n y seguridad.<\/p>\n<div class=\"code-block code-block-3\">\n<div id=\"sas_99069\">\n<div>\n<div id=\"equativ_feedback_button_99069\" data-exclude-click=\"\"><img decoding=\"async\" src=\"https:\/\/ced-ns.sascdn.com\/diff\/templates\/images\/info.svg\" data-exclude-click=\"\" \/><\/div>\n<\/div>\n<\/div>\n<\/div>\n<p>La iniciativa surge ante las cifras registradas durante 2025, per\u00edodo en que se contabilizaron 158 personas fallecidas y m\u00e1s de 5.400 accidentes vinculados a la conducci\u00f3n bajo los efectos de estas sustancias.<\/p>\n<p>El acuerdo busca establecer un est\u00e1ndar com\u00fan de prevenci\u00f3n al interior de la industria, mediante campa\u00f1as de sensibilizaci\u00f3n, capacitaciones y controles internos destinados a detectar de manera preventiva situaciones de riesgo entre los trabajadores.<\/p>\n<p>La medida cobra especial relevancia ante la proximidad de las Fiestas Patrias, per\u00edodo en que Senda y Carabineros reforzar\u00e1n los operativos del programa Tolerancia Cero para fiscalizar la conducci\u00f3n bajo los efectos del alcohol y otras sustancias.<\/p>\n<div class=\"code-block code-block-5\">\n<div id=\"sas_99435\"><\/div>\n<\/div>\n<p>El director subrogante de Senda, Eduardo Barros, destac\u00f3 la importancia de fortalecer los espacios preventivos tanto en instituciones como en empresas p\u00fablicas y privadas.<\/p>\n<p>La autoridad sostuvo que el compromiso de trabajadores y trabajadoras es fundamental para proteger no solo a quienes se desempe\u00f1an en las empresas de transporte, sino tambi\u00e9n a pasajeros y al resto de la ciudadan\u00eda.<\/p>\n<p>Desde Mutual de Seguridad, el gerente de Seguridad Vial, Luis Alberto Stuven, plante\u00f3 que el objetivo es que las empresas incorporen controles preventivos de manera permanente entre sus trabajadores.<\/p>\n<p>Seg\u00fan explic\u00f3, estas medidas permiten anticiparse a situaciones de riesgo, prevenir siniestros de tr\u00e1nsito y contribuir al fortalecimiento de una cultura de seguridad en el sector del transporte.<\/p>\n<\/div>\n<\/article>\n<\/div>\n<\/div>\n<\/div>\n","protected":false},"excerpt":{"rendered":"<p>Con el objetivo de reducir la siniestralidad vial asociada al consumo de alcohol y drogas, Senda, Mutual de Seguridad y gremios de buses del transporte&hellip; <\/p>\n","protected":false},"author":5,"featured_media":108292,"comment_status":"closed","ping_status":"closed","sticky":false,"template":"","format":"standard","meta":{"footnotes":""},"categories":[37],"tags":[],"class_list":["post-108291","post","type-post","status-publish","format-standard","has-post-thumbnail","hentry","category-nacional"],"_links":{"self":[{"href":"https:\/\/www.radioamigavallenar.cl\/index.php?rest_route=\/wp\/v2\/posts\/108291","targetHints":{"allow":["GET"]}}],"collection":[{"href":"https:\/\/www.radioamigavallenar.cl\/index.php?rest_route=\/wp\/v2\/posts"}],"about":[{"href":"https:\/\/www.radioamigavallenar.cl\/index.php?rest_route=\/wp\/v2\/types\/post"}],"author":[{"embeddable":true,"href":"https:\/\/www.radioamigavallenar.cl\/index.php?rest_route=\/wp\/v2\/users\/5"}],"replies":[{"embeddable":true,"href":"https:\/\/www.radioamigavallenar.cl\/index.php?rest_route=%2Fwp%2Fv2%2Fcomments&post=108291"}],"version-history":[{"count":1,"href":"https:\/\/www.radioamigavallenar.cl\/index.php?rest_route=\/wp\/v2\/posts\/108291\/revisions"}],"predecessor-version":[{"id":108293,"href":"https:\/\/www.radioamigavallenar.cl\/index.php?rest_route=\/wp\/v2\/posts\/108291\/revisions\/108293"}],"wp:featuredmedia":[{"embeddable":true,"href":"https:\/\/www.radioamigavallenar.cl\/index.php?rest_route=\/wp\/v2\/media\/108292"}],"wp:attachment":[{"href":"https:\/\/www.radioamigavallenar.cl\/index.php?rest_route=%2Fwp%2Fv2%2Fmedia&parent=108291"}],"wp:term":[{"taxonomy":"category","embeddable":true,"href":"https:\/\/www.radioamigavallenar.cl\/index.php?rest_route=%2Fwp%2Fv2%2Fcategories&post=108291"},{"taxonomy":"post_tag","embeddable":true,"href":"https:\/\/www.radioamigavallenar.cl\/index.php?rest_route=%2Fwp%2Fv2%2Ftags&post=108291"}],"curies":[{"name":"wp","href":"https:\/\/api.w.org\/{rel}","templated":true}]}}