{"id":108288,"date":"2026-09-03T13:34:31","date_gmt":"2026-09-03T17:34:31","guid":{"rendered":"https:\/\/www.radioamigavallenar.cl\/?p=108288"},"modified":"2026-09-03T13:34:31","modified_gmt":"2026-09-03T17:34:31","slug":"agrupaciones-de-personas-mayores-de-vallenar-concretan-adjudicacion-de-proyectos-autogestionados-de-senama","status":"publish","type":"post","link":"https:\/\/www.radioamigavallenar.cl\/?p=108288","title":{"rendered":"Agrupaciones de personas mayores de Vallenar concretan adjudicaci\u00f3n de proyectos autogestionados de SENAMA"},"content":{"rendered":"<p>Agrupaciones de personas mayores de Vallenar concretan adjudicaci\u00f3n de proyectos autogestionados de SENAMA<\/p>\n<p>En dependencias de la Delegaci\u00f3n Presidencial Provincial de Huasco se llev\u00f3 a cabo la firma de convenios y pagar\u00e9s correspondientes a la adjudicaci\u00f3n de proyectos del Fondo Autogestionado de SENAMA 2026, iniciativa que permitir\u00e1 a diversas agrupaciones de personas mayores de Vallenar concretar sus ideas y desarrollar actividades en beneficio de sus integrantes y comunidades.<\/p>\n<p>Durante la actividad, el Delegado Presidencial Provincial, Juan Donoso, destac\u00f3 la importancia de generar oportunidades para que las organizaciones de personas mayores puedan participar activamente, desarrollar sus capacidades y llevar adelante iniciativas que contribuyen a mejorar su calidad de vida.<\/p>\n<p>\u201cComo Gobierno valoramos profundamente el trabajo que realizan nuestras organizaciones de personas mayores. Detr\u00e1s de cada proyecto hay ideas, sue\u00f1os y el compromiso de personas que quieren seguir aportando activamente a sus comunidades. Nuestro compromiso es acompa\u00f1ar estos procesos y disponer de los recursos que permitan transformar esas iniciativas en acciones concretas\u201d, se\u00f1al\u00f3 el Delegado Juan Donoso.<\/p>\n<p>En esta convocatoria, la Provincia de Huasco obtuvo la adjudicaci\u00f3n de 46 proyectos, de un total de 134 iniciativas aprobadas a nivel regional, de los cuales 26 corresponden a agrupaciones de la comuna de Vallenar.<\/p>\n<p>Desde el Gobierno se destac\u00f3 que estos fondos constituyen una herramienta concreta para fortalecer la autonom\u00eda, participaci\u00f3n y organizaci\u00f3n de las personas mayores, reconociendo su aporte permanente al desarrollo de sus comunidades y promoviendo espacios donde puedan seguir participando, compartiendo y construyendo juntos una mejor sociedad.<\/p>\n","protected":false},"excerpt":{"rendered":"<p>Agrupaciones de personas mayores de Vallenar concretan adjudicaci\u00f3n de proyectos autogestionados de SENAMA En dependencias de la Delegaci\u00f3n Presidencial Provincial de Huasco se llev\u00f3 a&hellip; <\/p>\n","protected":false},"author":5,"featured_media":108289,"comment_status":"closed","ping_status":"closed","sticky":false,"template":"","format":"standard","meta":{"footnotes":""},"categories":[7],"tags":[],"class_list":["post-108288","post","type-post","status-publish","format-standard","has-post-thumbnail","hentry","category-atacama"],"_links":{"self":[{"href":"https:\/\/www.radioamigavallenar.cl\/index.php?rest_route=\/wp\/v2\/posts\/108288","targetHints":{"allow":["GET"]}}],"collection":[{"href":"https:\/\/www.radioamigavallenar.cl\/index.php?rest_route=\/wp\/v2\/posts"}],"about":[{"href":"https:\/\/www.radioamigavallenar.cl\/index.php?rest_route=\/wp\/v2\/types\/post"}],"author":[{"embeddable":true,"href":"https:\/\/www.radioamigavallenar.cl\/index.php?rest_route=\/wp\/v2\/users\/5"}],"replies":[{"embeddable":true,"href":"https:\/\/www.radioamigavallenar.cl\/index.php?rest_route=%2Fwp%2Fv2%2Fcomments&post=108288"}],"version-history":[{"count":1,"href":"https:\/\/www.radioamigavallenar.cl\/index.php?rest_route=\/wp\/v2\/posts\/108288\/revisions"}],"predecessor-version":[{"id":108290,"href":"https:\/\/www.radioamigavallenar.cl\/index.php?rest_route=\/wp\/v2\/posts\/108288\/revisions\/108290"}],"wp:featuredmedia":[{"embeddable":true,"href":"https:\/\/www.radioamigavallenar.cl\/index.php?rest_route=\/wp\/v2\/media\/108289"}],"wp:attachment":[{"href":"https:\/\/www.radioamigavallenar.cl\/index.php?rest_route=%2Fwp%2Fv2%2Fmedia&parent=108288"}],"wp:term":[{"taxonomy":"category","embeddable":true,"href":"https:\/\/www.radioamigavallenar.cl\/index.php?rest_route=%2Fwp%2Fv2%2Fcategories&post=108288"},{"taxonomy":"post_tag","embeddable":true,"href":"https:\/\/www.radioamigavallenar.cl\/index.php?rest_route=%2Fwp%2Fv2%2Ftags&post=108288"}],"curies":[{"name":"wp","href":"https:\/\/api.w.org\/{rel}","templated":true}]}}