{"id":108285,"date":"2026-09-03T13:30:58","date_gmt":"2026-09-03T17:30:58","guid":{"rendered":"https:\/\/www.radioamigavallenar.cl\/?p=108285"},"modified":"2026-09-03T13:30:58","modified_gmt":"2026-09-03T17:30:58","slug":"delegada-sofia-cid-aborda-fallecimiento-de-una-persona-en-sector-colonias-extranjeras-de-copiapo","status":"publish","type":"post","link":"https:\/\/www.radioamigavallenar.cl\/?p=108285","title":{"rendered":"Delegada Sof\u00eda Cid aborda fallecimiento de una persona en sector Colonias Extranjeras de Copiap\u00f3"},"content":{"rendered":"<div class=\"container fullwidth-entry-title-wrapper\">\n<div class=\"container-wrapper fullwidth-entry-title\">\n<header class=\"entry-header-outer\">\n<div class=\"entry-header\">\n<div class=\"single-post-meta post-meta clearfix\"><\/div>\n<\/div>\n<\/header>\n<\/div>\n<\/div>\n<div id=\"content\" class=\"site-content container\">\n<div id=\"main-content-row\" class=\"tie-row main-content-row\">\n<div class=\"main-content tie-col-md-8 tie-col-xs-12\" role=\"main\">\n<article id=\"the-post\" class=\"container-wrapper post-content tie-standard\">\n<div class=\"entry-content entry clearfix\">\n<h3><\/h3>\n<p>La Delegada Presidencial Regional de Atacama, Sof\u00eda Cid, se refiri\u00f3 al fallecimiento de una persona encontrada durante esta ma\u00f1ana en la v\u00eda p\u00fablica, en el sector Colonias Extranjeras de Copiap\u00f3.<\/p>\n<div class=\"code-block code-block-3\">\n<div id=\"sas_99069\"><\/div>\n<\/div>\n<p>La autoridad inform\u00f3 que en el lugar trabajan las polic\u00edas y el equipo especializado de la Fiscal\u00eda ECOH, desarrollando las diligencias destinadas a esclarecer las circunstancias del hecho.<\/p>\n<p>Cid se\u00f1al\u00f3 que se trata de una situaci\u00f3n grave que no puede dejar indiferente a la comunidad y manifest\u00f3 su expectativa de que la investigaci\u00f3n permita determinar lo ocurrido y establecer las responsabilidades correspondientes.<\/p>\n<p>La delegada agreg\u00f3 que el Gobierno mantendr\u00e1 la coordinaci\u00f3n con las instituciones encargadas de la investigaci\u00f3n, reiterando que la seguridad de las familias de Copiap\u00f3 y de toda la Regi\u00f3n de Atacama constituye una prioridad.<\/p>\n<div class=\"code-block code-block-5\">\n<div id=\"sas_99435\">\n<div id=\"sas_container_13364180\" class=\"mini_player\" data-eqt-ad=\"ad-13364180\"><\/div>\n<\/div>\n<\/div>\n<p>Finalmente, hizo un llamado a actuar con responsabilidad mientras se desarrolla la investigaci\u00f3n, evitando adelantar hip\u00f3tesis o entregar antecedentes que puedan interferir con el trabajo de las polic\u00edas y del Ministerio P\u00fablico.<\/p>\n<\/div>\n<\/article>\n<\/div>\n<\/div>\n<\/div>\n","protected":false},"excerpt":{"rendered":"<p>La Delegada Presidencial Regional de Atacama, Sof\u00eda Cid, se refiri\u00f3 al fallecimiento de una persona encontrada durante esta ma\u00f1ana en la v\u00eda p\u00fablica, en el&hellip; <\/p>\n","protected":false},"author":5,"featured_media":108286,"comment_status":"closed","ping_status":"closed","sticky":false,"template":"","format":"standard","meta":{"footnotes":""},"categories":[38],"tags":[],"class_list":["post-108285","post","type-post","status-publish","format-standard","has-post-thumbnail","hentry","category-portada-regional"],"_links":{"self":[{"href":"https:\/\/www.radioamigavallenar.cl\/index.php?rest_route=\/wp\/v2\/posts\/108285","targetHints":{"allow":["GET"]}}],"collection":[{"href":"https:\/\/www.radioamigavallenar.cl\/index.php?rest_route=\/wp\/v2\/posts"}],"about":[{"href":"https:\/\/www.radioamigavallenar.cl\/index.php?rest_route=\/wp\/v2\/types\/post"}],"author":[{"embeddable":true,"href":"https:\/\/www.radioamigavallenar.cl\/index.php?rest_route=\/wp\/v2\/users\/5"}],"replies":[{"embeddable":true,"href":"https:\/\/www.radioamigavallenar.cl\/index.php?rest_route=%2Fwp%2Fv2%2Fcomments&post=108285"}],"version-history":[{"count":1,"href":"https:\/\/www.radioamigavallenar.cl\/index.php?rest_route=\/wp\/v2\/posts\/108285\/revisions"}],"predecessor-version":[{"id":108287,"href":"https:\/\/www.radioamigavallenar.cl\/index.php?rest_route=\/wp\/v2\/posts\/108285\/revisions\/108287"}],"wp:featuredmedia":[{"embeddable":true,"href":"https:\/\/www.radioamigavallenar.cl\/index.php?rest_route=\/wp\/v2\/media\/108286"}],"wp:attachment":[{"href":"https:\/\/www.radioamigavallenar.cl\/index.php?rest_route=%2Fwp%2Fv2%2Fmedia&parent=108285"}],"wp:term":[{"taxonomy":"category","embeddable":true,"href":"https:\/\/www.radioamigavallenar.cl\/index.php?rest_route=%2Fwp%2Fv2%2Fcategories&post=108285"},{"taxonomy":"post_tag","embeddable":true,"href":"https:\/\/www.radioamigavallenar.cl\/index.php?rest_route=%2Fwp%2Fv2%2Ftags&post=108285"}],"curies":[{"name":"wp","href":"https:\/\/api.w.org\/{rel}","templated":true}]}}