{"id":108282,"date":"2026-09-03T13:28:41","date_gmt":"2026-09-03T17:28:41","guid":{"rendered":"https:\/\/www.radioamigavallenar.cl\/?p=108282"},"modified":"2026-09-03T13:28:41","modified_gmt":"2026-09-03T17:28:41","slug":"sismo-54-sacude-a-la-serena-y-se-percibe-entre-coquimbo-y-atacama","status":"publish","type":"post","link":"https:\/\/www.radioamigavallenar.cl\/?p=108282","title":{"rendered":"Sismo 5,4 sacude a La Serena y se percibe entre Coquimbo y Atacama"},"content":{"rendered":"<div class=\"container fullwidth-entry-title-wrapper\">\n<div class=\"container-wrapper fullwidth-entry-title\">\n<header class=\"entry-header-outer\">\n<div class=\"entry-header\"><\/div>\n<\/header>\n<\/div>\n<\/div>\n<div id=\"content\" class=\"site-content container\">\n<div id=\"main-content-row\" class=\"tie-row main-content-row\">\n<div class=\"main-content tie-col-md-8 tie-col-xs-12\" role=\"main\">\n<article id=\"the-post\" class=\"container-wrapper post-content tie-standard\">\n<div id=\"share-buttons-top\" class=\"share-buttons share-buttons-top\">\n<div class=\"share-links  share-centered icons-only\"><\/div>\n<\/div>\n<div class=\"entry-content entry clearfix\">\n<p>Un sismo de magnitud 5,4 se registr\u00f3 durante la madrugada de este jueves en la Regi\u00f3n de Coquimbo, siendo percibido con distintas intensidades entre las regiones de Coquimbo y Atacama.<\/p>\n<div class=\"code-block code-block-3\">\n<div id=\"sas_99069\"><\/div>\n<\/div>\n<p>De acuerdo con el Centro Sismol\u00f3gico Nacional de la Universidad de Chile, el movimiento tel\u00farico ocurri\u00f3 a las 02:04 horas, tuvo una profundidad de 64 kil\u00f3metros y su epicentro se ubic\u00f3 a 25,28 kil\u00f3metros al noroeste de La Serena.<\/p>\n<p>Seg\u00fan la escala de Mercalli, el sismo fue catalogado como de mediana intensidad. La mayor percepci\u00f3n se registr\u00f3 en La Serena, donde alcanz\u00f3 el grado VI. En tanto, Coquimbo, La Higuera, Vicu\u00f1a y Ovalle registraron intensidad V.<\/p>\n<p>En otras comunas de la Regi\u00f3n de Coquimbo, como Andacollo, Paihuano y R\u00edo Hurtado, el movimiento alcanz\u00f3 intensidad IV, mientras que en Salamanca fue percibido con grado III.<\/p>\n<div class=\"code-block code-block-5\">\n<div id=\"sas_99435\">\n<div id=\"sas_container_13364180\" class=\"mini_player\" data-eqt-ad=\"ad-13364180\"><\/div>\n<\/div>\n<\/div>\n<p>El sismo tambi\u00e9n fue sentido en la Regi\u00f3n de Atacama. Freirina registr\u00f3 intensidad IV, mientras que en Alto del Carmen, Huasco y Vallenar la percepci\u00f3n lleg\u00f3 al grado III.<\/p>\n<p>Tras el movimiento, el Servicio Nacional de Prevenci\u00f3n y Respuesta ante Desastres inform\u00f3 que el Servicio Hidrogr\u00e1fico y Oceanogr\u00e1fico de la Armada, SHOA, determin\u00f3 que las caracter\u00edsticas del sismo no re\u00fanen las condiciones necesarias para generar un tsunami en las costas de Chile.<\/p>\n<p>A trav\u00e9s del Sistema Nacional de Prevenci\u00f3n y Respuesta ante Desastres se mantiene la evaluaci\u00f3n de eventuales da\u00f1os a personas, infraestructura y servicios b\u00e1sicos asociados al movimiento tel\u00farico.<\/p>\n<\/div>\n<\/article>\n<\/div>\n<\/div>\n<\/div>\n","protected":false},"excerpt":{"rendered":"<p>Un sismo de magnitud 5,4 se registr\u00f3 durante la madrugada de este jueves en la Regi\u00f3n de Coquimbo, siendo percibido con distintas intensidades entre las&hellip; <\/p>\n","protected":false},"author":5,"featured_media":108283,"comment_status":"closed","ping_status":"closed","sticky":false,"template":"","format":"standard","meta":{"footnotes":""},"categories":[7],"tags":[],"class_list":["post-108282","post","type-post","status-publish","format-standard","has-post-thumbnail","hentry","category-atacama"],"_links":{"self":[{"href":"https:\/\/www.radioamigavallenar.cl\/index.php?rest_route=\/wp\/v2\/posts\/108282","targetHints":{"allow":["GET"]}}],"collection":[{"href":"https:\/\/www.radioamigavallenar.cl\/index.php?rest_route=\/wp\/v2\/posts"}],"about":[{"href":"https:\/\/www.radioamigavallenar.cl\/index.php?rest_route=\/wp\/v2\/types\/post"}],"author":[{"embeddable":true,"href":"https:\/\/www.radioamigavallenar.cl\/index.php?rest_route=\/wp\/v2\/users\/5"}],"replies":[{"embeddable":true,"href":"https:\/\/www.radioamigavallenar.cl\/index.php?rest_route=%2Fwp%2Fv2%2Fcomments&post=108282"}],"version-history":[{"count":1,"href":"https:\/\/www.radioamigavallenar.cl\/index.php?rest_route=\/wp\/v2\/posts\/108282\/revisions"}],"predecessor-version":[{"id":108284,"href":"https:\/\/www.radioamigavallenar.cl\/index.php?rest_route=\/wp\/v2\/posts\/108282\/revisions\/108284"}],"wp:featuredmedia":[{"embeddable":true,"href":"https:\/\/www.radioamigavallenar.cl\/index.php?rest_route=\/wp\/v2\/media\/108283"}],"wp:attachment":[{"href":"https:\/\/www.radioamigavallenar.cl\/index.php?rest_route=%2Fwp%2Fv2%2Fmedia&parent=108282"}],"wp:term":[{"taxonomy":"category","embeddable":true,"href":"https:\/\/www.radioamigavallenar.cl\/index.php?rest_route=%2Fwp%2Fv2%2Fcategories&post=108282"},{"taxonomy":"post_tag","embeddable":true,"href":"https:\/\/www.radioamigavallenar.cl\/index.php?rest_route=%2Fwp%2Fv2%2Ftags&post=108282"}],"curies":[{"name":"wp","href":"https:\/\/api.w.org\/{rel}","templated":true}]}}