{"id":108279,"date":"2026-09-03T13:24:58","date_gmt":"2026-09-03T17:24:58","guid":{"rendered":"https:\/\/www.radioamigavallenar.cl\/?p=108279"},"modified":"2026-09-03T13:24:58","modified_gmt":"2026-09-03T17:24:58","slug":"presidente-nacional-del-cuerpo-de-bomberos-anuncia-apoyo-para-dos-companias-durante-visita-a-copiapo","status":"publish","type":"post","link":"https:\/\/www.radioamigavallenar.cl\/?p=108279","title":{"rendered":"Presidente nacional del Cuerpo de Bomberos anuncia apoyo para dos compa\u00f1\u00edas durante visita a Copiap\u00f3"},"content":{"rendered":"<div class=\"container fullwidth-entry-title-wrapper\">\n<div class=\"container-wrapper fullwidth-entry-title\">\n<header class=\"entry-header-outer\">\n<div class=\"entry-header\">\n<h1 class=\"post-title entry-title\"><span style=\"font-size: 15px; font-weight: 400;\">El presidente nacional del Cuerpo de Bomberos de Chile, Juan Carlos Field, visit\u00f3 Copiap\u00f3, donde conoci\u00f3 el trabajo que desarrollan los voluntarios de la capital regional y anunci\u00f3 aportes econ\u00f3micos destinados a dos de las siete compa\u00f1\u00edas de la comuna.<\/span><\/h1>\n<\/div>\n<\/header>\n<\/div>\n<\/div>\n<div id=\"content\" class=\"site-content container\">\n<div id=\"main-content-row\" class=\"tie-row main-content-row\">\n<div class=\"main-content tie-col-md-8 tie-col-xs-12\" role=\"main\">\n<article id=\"the-post\" class=\"container-wrapper post-content tie-standard\">\n<div class=\"entry-content entry clearfix\">\n<div class=\"code-block code-block-3\">\n<div id=\"sas_99069\"><\/div>\n<\/div>\n<p>Durante su visita, Field destac\u00f3 la gesti\u00f3n de la instituci\u00f3n a nivel local y valor\u00f3 el trabajo realizado por sus voluntarios. Adem\u00e1s, recorri\u00f3 la Quinta y S\u00e9ptima Compa\u00f1\u00eda, las dos unidades que a\u00fan no hab\u00eda conocido personalmente durante sus visitas anteriores a la regi\u00f3n.<\/p>\n<p>\u201cEs la tercera vez que estoy ac\u00e1 como presidente nacional. Quiero felicitar a sus autoridades y a su superintendente Alejandro por el buen manejo que tienen de la instituci\u00f3n\u201d, se\u00f1al\u00f3.<\/p>\n<p>El presidente nacional explic\u00f3 que ambas compa\u00f1\u00edas recibir\u00e1n apoyo por parte de la Junta Nacional de Bomberos, con recursos destinados a fortalecer sus capacidades operativas.<\/p>\n<div class=\"code-block code-block-5\">\n<div id=\"sas_99435\"><\/div>\n<\/div>\n<p>La Quinta Compa\u00f1\u00eda, que pr\u00f3ximamente cumplir\u00e1 25 a\u00f1os de servicio, recibir\u00e1 financiamiento para el reemplazo de su carro bomba. Se trata de un veh\u00edculo con tracci\u00f3n 4\u00d74, que adem\u00e1s contar\u00e1 con un equipo de ventilaci\u00f3n y que se espera pueda estar operativo en el sector de Paipote durante noviembre.<\/p>\n<p>En tanto, la S\u00e9ptima Compa\u00f1\u00eda, la m\u00e1s joven de las unidades visitadas, recibir\u00e1 tres equipos de aire acondicionado, con el objetivo de mejorar sus condiciones de funcionamiento y apoyar la labor de sus voluntarios.<\/p>\n<p>Field destac\u00f3 el trabajo que desarrollan ambas compa\u00f1\u00edas y se\u00f1al\u00f3 que los aportes buscan contribuir a su consolidaci\u00f3n y fortalecer la respuesta que Bomberos entrega a la comunidad.<\/p>\n<\/div>\n<\/article>\n<\/div>\n<\/div>\n<\/div>\n","protected":false},"excerpt":{"rendered":"<p>El presidente nacional del Cuerpo de Bomberos de Chile, Juan Carlos Field, visit\u00f3 Copiap\u00f3, donde conoci\u00f3 el trabajo que desarrollan los voluntarios de la capital&hellip; <\/p>\n","protected":false},"author":5,"featured_media":108280,"comment_status":"closed","ping_status":"closed","sticky":false,"template":"","format":"standard","meta":{"footnotes":""},"categories":[7],"tags":[],"class_list":["post-108279","post","type-post","status-publish","format-standard","has-post-thumbnail","hentry","category-atacama"],"_links":{"self":[{"href":"https:\/\/www.radioamigavallenar.cl\/index.php?rest_route=\/wp\/v2\/posts\/108279","targetHints":{"allow":["GET"]}}],"collection":[{"href":"https:\/\/www.radioamigavallenar.cl\/index.php?rest_route=\/wp\/v2\/posts"}],"about":[{"href":"https:\/\/www.radioamigavallenar.cl\/index.php?rest_route=\/wp\/v2\/types\/post"}],"author":[{"embeddable":true,"href":"https:\/\/www.radioamigavallenar.cl\/index.php?rest_route=\/wp\/v2\/users\/5"}],"replies":[{"embeddable":true,"href":"https:\/\/www.radioamigavallenar.cl\/index.php?rest_route=%2Fwp%2Fv2%2Fcomments&post=108279"}],"version-history":[{"count":1,"href":"https:\/\/www.radioamigavallenar.cl\/index.php?rest_route=\/wp\/v2\/posts\/108279\/revisions"}],"predecessor-version":[{"id":108281,"href":"https:\/\/www.radioamigavallenar.cl\/index.php?rest_route=\/wp\/v2\/posts\/108279\/revisions\/108281"}],"wp:featuredmedia":[{"embeddable":true,"href":"https:\/\/www.radioamigavallenar.cl\/index.php?rest_route=\/wp\/v2\/media\/108280"}],"wp:attachment":[{"href":"https:\/\/www.radioamigavallenar.cl\/index.php?rest_route=%2Fwp%2Fv2%2Fmedia&parent=108279"}],"wp:term":[{"taxonomy":"category","embeddable":true,"href":"https:\/\/www.radioamigavallenar.cl\/index.php?rest_route=%2Fwp%2Fv2%2Fcategories&post=108279"},{"taxonomy":"post_tag","embeddable":true,"href":"https:\/\/www.radioamigavallenar.cl\/index.php?rest_route=%2Fwp%2Fv2%2Ftags&post=108279"}],"curies":[{"name":"wp","href":"https:\/\/api.w.org\/{rel}","templated":true}]}}