{"id":108276,"date":"2026-09-03T13:20:52","date_gmt":"2026-09-03T17:20:52","guid":{"rendered":"https:\/\/www.radioamigavallenar.cl\/?p=108276"},"modified":"2026-09-03T13:20:52","modified_gmt":"2026-09-03T17:20:52","slug":"carabineros-refuerza-campana-preventiva-en-caldera-ante-las-fiestas-patrias","status":"publish","type":"post","link":"https:\/\/www.radioamigavallenar.cl\/?p=108276","title":{"rendered":"Carabineros refuerza campa\u00f1a preventiva en Caldera ante las Fiestas Patrias"},"content":{"rendered":"<div class=\"container fullwidth-entry-title-wrapper\">\n<div class=\"container-wrapper fullwidth-entry-title\">\n<header class=\"entry-header-outer\">\n<div class=\"entry-header\">\n<h1 class=\"post-title entry-title\"><\/h1>\n<\/div>\n<\/header>\n<\/div>\n<\/div>\n<div id=\"content\" class=\"site-content container\">\n<div id=\"main-content-row\" class=\"tie-row main-content-row\">\n<div class=\"main-content tie-col-md-8 tie-col-xs-12\" role=\"main\">\n<article id=\"the-post\" class=\"container-wrapper post-content tie-standard\">\n<div id=\"share-buttons-top\" class=\"share-buttons share-buttons-top\">\n<div class=\"share-links  share-centered icons-only\"><\/div>\n<\/div>\n<div class=\"entry-content entry clearfix\">\n<p>Carabineros de la Subcomisar\u00eda de Caldera inici\u00f3 una campa\u00f1a educativa y preventiva con motivo de la llegada de septiembre y las celebraciones de Fiestas Patrias, enfocada principalmente en evitar la conducci\u00f3n bajo los efectos del alcohol.<\/p>\n<div class=\"code-block code-block-3\">\n<div id=\"sas_99069\"><\/div>\n<\/div>\n<p>La iniciativa busca generar conciencia sobre los riesgos de beber y conducir, considerando el aumento de visitantes que registra la comuna durante este per\u00edodo. La instituci\u00f3n llam\u00f3 a la comunidad a disfrutar de las celebraciones con responsabilidad y adoptar medidas para prevenir accidentes de tr\u00e1nsito.<\/p>\n<p>El jefe de la Subcomisar\u00eda de Carabineros de Caldera, capit\u00e1n Mat\u00edas Barraza, se\u00f1al\u00f3 que durante septiembre hist\u00f3ricamente se registran accidentes con consecuencias graves asociados a la imprudencia de los conductores y al consumo de alcohol.<\/p>\n<p>La autoridad indic\u00f3 que el objetivo para este a\u00f1o es evitar v\u00edctimas y llam\u00f3 a quienes consuman bebidas alcoh\u00f3licas a dejar las llaves del veh\u00edculo en casa y optar por alternativas seguras de traslado.<\/p>\n<div class=\"code-block code-block-5\">\n<div id=\"sas_99435\"><\/div>\n<\/div>\n<p>Carabineros inform\u00f3 que mantendr\u00e1 presencia preventiva en distintos sectores de la comuna, incluyendo la Ruta 5, reforzando los controles y fiscalizaciones durante los fines de semana y las jornadas de mayor desplazamiento.<\/p>\n<p>En ese contexto, la instituci\u00f3n tambi\u00e9n recomend\u00f3 planificar los viajes con anticipaci\u00f3n, respetar las normas del tr\u00e1nsito, mantener una velocidad adecuada y evitar cualquier tipo de distracci\u00f3n al momento de conducir.<\/p>\n<p>La campa\u00f1a se desarroll\u00f3 en el centro de Caldera con el apoyo de la Direcci\u00f3n de Tr\u00e1nsito y el Departamento de Fiscalizaci\u00f3n de la Municipalidad, reforzando el llamado a prevenir accidentes y proteger tanto a conductores como a peatones y pasajeros durante las celebraciones de Fiestas Patrias.<\/p>\n<\/div>\n<\/article>\n<\/div>\n<\/div>\n<\/div>\n","protected":false},"excerpt":{"rendered":"<p>Carabineros de la Subcomisar\u00eda de Caldera inici\u00f3 una campa\u00f1a educativa y preventiva con motivo de la llegada de septiembre y las celebraciones de Fiestas Patrias,&hellip; <\/p>\n","protected":false},"author":5,"featured_media":108277,"comment_status":"closed","ping_status":"closed","sticky":false,"template":"","format":"standard","meta":{"footnotes":""},"categories":[7],"tags":[],"class_list":["post-108276","post","type-post","status-publish","format-standard","has-post-thumbnail","hentry","category-atacama"],"_links":{"self":[{"href":"https:\/\/www.radioamigavallenar.cl\/index.php?rest_route=\/wp\/v2\/posts\/108276","targetHints":{"allow":["GET"]}}],"collection":[{"href":"https:\/\/www.radioamigavallenar.cl\/index.php?rest_route=\/wp\/v2\/posts"}],"about":[{"href":"https:\/\/www.radioamigavallenar.cl\/index.php?rest_route=\/wp\/v2\/types\/post"}],"author":[{"embeddable":true,"href":"https:\/\/www.radioamigavallenar.cl\/index.php?rest_route=\/wp\/v2\/users\/5"}],"replies":[{"embeddable":true,"href":"https:\/\/www.radioamigavallenar.cl\/index.php?rest_route=%2Fwp%2Fv2%2Fcomments&post=108276"}],"version-history":[{"count":1,"href":"https:\/\/www.radioamigavallenar.cl\/index.php?rest_route=\/wp\/v2\/posts\/108276\/revisions"}],"predecessor-version":[{"id":108278,"href":"https:\/\/www.radioamigavallenar.cl\/index.php?rest_route=\/wp\/v2\/posts\/108276\/revisions\/108278"}],"wp:featuredmedia":[{"embeddable":true,"href":"https:\/\/www.radioamigavallenar.cl\/index.php?rest_route=\/wp\/v2\/media\/108277"}],"wp:attachment":[{"href":"https:\/\/www.radioamigavallenar.cl\/index.php?rest_route=%2Fwp%2Fv2%2Fmedia&parent=108276"}],"wp:term":[{"taxonomy":"category","embeddable":true,"href":"https:\/\/www.radioamigavallenar.cl\/index.php?rest_route=%2Fwp%2Fv2%2Fcategories&post=108276"},{"taxonomy":"post_tag","embeddable":true,"href":"https:\/\/www.radioamigavallenar.cl\/index.php?rest_route=%2Fwp%2Fv2%2Ftags&post=108276"}],"curies":[{"name":"wp","href":"https:\/\/api.w.org\/{rel}","templated":true}]}}