{"id":108274,"date":"2026-09-03T13:18:55","date_gmt":"2026-09-03T17:18:55","guid":{"rendered":"https:\/\/www.radioamigavallenar.cl\/?p=108274"},"modified":"2026-09-03T13:19:18","modified_gmt":"2026-09-03T17:19:18","slug":"pdi-incauta-mas-de-un-kilo-de-cocaina-base-que-era-transportada-en-ovoides","status":"publish","type":"post","link":"https:\/\/www.radioamigavallenar.cl\/?p=108274","title":{"rendered":"PDI incauta m\u00e1s de un kilo de coca\u00edna base que era transportada en ovoides"},"content":{"rendered":"<div class=\"container fullwidth-entry-title-wrapper\">\n<div class=\"container-wrapper fullwidth-entry-title\">\n<header class=\"entry-header-outer\">\n<div class=\"entry-header\"><\/div>\n<\/header>\n<\/div>\n<\/div>\n<div id=\"content\" class=\"site-content container\">\n<div id=\"main-content-row\" class=\"tie-row main-content-row\">\n<div class=\"main-content tie-col-md-8 tie-col-xs-12\" role=\"main\">\n<article id=\"the-post\" class=\"container-wrapper post-content tie-standard\">\n<div class=\"entry-content entry clearfix\">\n<h1><\/h1>\n<p>Un operativo de la Brigada Antinarc\u00f3ticos de la PDI Copiap\u00f3 permiti\u00f3 detener a un ciudadano boliviano e incautar m\u00e1s de un kilo de coca\u00edna base que era transportada al interior de su cuerpo en 74 ovoides.<\/p>\n<div class=\"code-block code-block-3\">\n<div id=\"sas_99069\"><\/div>\n<\/div>\n<p>La diligencia fue desarrollada por detectives de la Briant en coordinaci\u00f3n con la Unidad del Sistema de An\u00e1lisis Criminal (SAC) de la Fiscal\u00eda de Atacama, tras establecer que el imputado ingresaba importantes cantidades de droga al pa\u00eds bajo la modalidad de \u201ccorreo humano\u201d.<\/p>\n<p>De acuerdo con los antecedentes de la investigaci\u00f3n, el hombre lleg\u00f3 hasta una residencial de Copiap\u00f3, donde comenz\u00f3 a evacuar las c\u00e1psulas que conten\u00edan la sustancia il\u00edcita. En ese lugar fue detenido por los detectives.<\/p>\n<p>El jefe de la Briant Copiap\u00f3, subprefecto Jos\u00e9 Villablanca, inform\u00f3 que en el procedimiento fueron incautados 1 kilo 134 gramos de coca\u00edna base, distribuidos en 74 ovoides.<\/p>\n<div class=\"code-block code-block-5\">\n<div id=\"sas_99435\"><\/div>\n<\/div>\n<p>El oficial destac\u00f3 que la diligencia permiti\u00f3 interrumpir un importante ingreso de droga a la comuna, evitando que la sustancia llegara posteriormente a manos de microtraficantes. Seg\u00fan la estimaci\u00f3n policial, la droga incautada corresponde a unas 11 mil 340 dosis.<\/p>\n<p>Desde la Fiscal\u00eda de Atacama, el fiscal Sebasti\u00e1n Coya, de la Unidad SAC, explic\u00f3 que tras recibir informaci\u00f3n de la PDI sobre la presencia del ciudadano boliviano en una residencial se instruyeron las primeras diligencias para verificar la situaci\u00f3n.<\/p>\n<p>Los funcionarios policiales constataron en el lugar que el imputado se encontraba evacuando los ovoides con coca\u00edna base, por lo que procedieron a su detenci\u00f3n.<\/p>\n<p>La detenci\u00f3n fue ampliada por tres d\u00edas antes de la audiencia de control. Posteriormente, el Ministerio P\u00fablico formaliz\u00f3 al ciudadano boliviano por el delito de tr\u00e1fico il\u00edcito de drogas.<\/p>\n<p>El Juzgado de Garant\u00eda decret\u00f3 la prisi\u00f3n preventiva del imputado, al considerar que su libertad constituye un peligro para la seguridad de la sociedad.<\/p>\n<\/div>\n<\/article>\n<\/div>\n<\/div>\n<\/div>\n","protected":false},"excerpt":{"rendered":"<p>Un operativo de la Brigada Antinarc\u00f3ticos de la PDI Copiap\u00f3 permiti\u00f3 detener a un ciudadano boliviano e incautar m\u00e1s de un kilo de coca\u00edna base&hellip; <\/p>\n","protected":false},"author":5,"featured_media":106390,"comment_status":"closed","ping_status":"closed","sticky":false,"template":"","format":"standard","meta":{"footnotes":""},"categories":[38],"tags":[],"class_list":["post-108274","post","type-post","status-publish","format-standard","has-post-thumbnail","hentry","category-portada-regional"],"_links":{"self":[{"href":"https:\/\/www.radioamigavallenar.cl\/index.php?rest_route=\/wp\/v2\/posts\/108274","targetHints":{"allow":["GET"]}}],"collection":[{"href":"https:\/\/www.radioamigavallenar.cl\/index.php?rest_route=\/wp\/v2\/posts"}],"about":[{"href":"https:\/\/www.radioamigavallenar.cl\/index.php?rest_route=\/wp\/v2\/types\/post"}],"author":[{"embeddable":true,"href":"https:\/\/www.radioamigavallenar.cl\/index.php?rest_route=\/wp\/v2\/users\/5"}],"replies":[{"embeddable":true,"href":"https:\/\/www.radioamigavallenar.cl\/index.php?rest_route=%2Fwp%2Fv2%2Fcomments&post=108274"}],"version-history":[{"count":1,"href":"https:\/\/www.radioamigavallenar.cl\/index.php?rest_route=\/wp\/v2\/posts\/108274\/revisions"}],"predecessor-version":[{"id":108275,"href":"https:\/\/www.radioamigavallenar.cl\/index.php?rest_route=\/wp\/v2\/posts\/108274\/revisions\/108275"}],"wp:featuredmedia":[{"embeddable":true,"href":"https:\/\/www.radioamigavallenar.cl\/index.php?rest_route=\/wp\/v2\/media\/106390"}],"wp:attachment":[{"href":"https:\/\/www.radioamigavallenar.cl\/index.php?rest_route=%2Fwp%2Fv2%2Fmedia&parent=108274"}],"wp:term":[{"taxonomy":"category","embeddable":true,"href":"https:\/\/www.radioamigavallenar.cl\/index.php?rest_route=%2Fwp%2Fv2%2Fcategories&post=108274"},{"taxonomy":"post_tag","embeddable":true,"href":"https:\/\/www.radioamigavallenar.cl\/index.php?rest_route=%2Fwp%2Fv2%2Ftags&post=108274"}],"curies":[{"name":"wp","href":"https:\/\/api.w.org\/{rel}","templated":true}]}}