{"id":108271,"date":"2026-09-02T11:52:15","date_gmt":"2026-09-02T15:52:15","guid":{"rendered":"https:\/\/www.radioamigavallenar.cl\/?p=108271"},"modified":"2026-09-02T11:52:15","modified_gmt":"2026-09-02T15:52:15","slug":"camara-de-diputados-aprueba-comision-para-investigar-eventual-uso-de-bots-electorales-asi-votaron-los-parlamentarios","status":"publish","type":"post","link":"https:\/\/www.radioamigavallenar.cl\/?p=108271","title":{"rendered":"C\u00e1mara de Diputados aprueba comisi\u00f3n para investigar eventual uso de bots electorales: as\u00ed votaron los parlamentarios"},"content":{"rendered":"<p class=\"isSelectedEnd\"><strong>69 diputados respaldaron la creaci\u00f3n de una comisi\u00f3n investigadora, mientras 43 se opusieron y una parlamentaria se abstuvo. La votaci\u00f3n evidenci\u00f3 una marcada divisi\u00f3n entre la oposici\u00f3n y los sectores de derecha y centroderecha.<\/strong><\/p>\n<p class=\"isSelectedEnd\"><strong>Santiago.<\/strong> Una marcada divisi\u00f3n entre los distintos sectores pol\u00edticos registr\u00f3 este mi\u00e9rcoles la C\u00e1mara de Diputadas y Diputados, al votar nuevamente la creaci\u00f3n de una <strong>comisi\u00f3n especial investigadora destinada a indagar el eventual uso de bots y otras formas de manipulaci\u00f3n digital en procesos electorales y plebiscitarios realizados en Chile desde 2020<\/strong>.<\/p>\n<p class=\"isSelectedEnd\">La iniciativa fue aprobada con <strong>69 votos a favor, 43 en contra y una abstenci\u00f3n<\/strong>. Sin embargo, un n\u00famero importante de parlamentarios no registr\u00f3 voto o figur\u00f3 como ausente en la sesi\u00f3n.<\/p>\n<h2>Los votos a favor<\/h2>\n<p class=\"isSelectedEnd\">El respaldo a la comisi\u00f3n investigadora provino principalmente de diputados de oposici\u00f3n, aunque tambi\u00e9n se sumaron independientes y representantes de distintas fuerzas pol\u00edticas, entre ellos parlamentarios del Partido de la Gente (PDG).<\/p>\n<p class=\"isSelectedEnd\"><strong>Votaron a favor:<\/strong><\/p>\n<p class=\"isSelectedEnd\">Ignacio Achurra (FA), Jaime Araya (IND), Marcos Barraza (PC), Boris Barrera (PC), H\u00e9ctor Barr\u00eda (DC), Jaime Bassa (FA), Alejandro Bernales (PL), Carlos Bianchi (IND), Patricio Briones (PDG), F\u00e9lix Bugue\u00f1o (FA), Felipe Cama\u00f1o (IND), Carlos Carvajal (IND), Nathalie Castillo (PC), Priscilla Castillo (DC), Roberto Celed\u00f3n (IND), Cristian Contreras (PDG), Flor Contreras (PDG), Francisco Cris\u00f3stomo (PS), Carlos Cuadrado (PPD), Carolina Cucumides (IND), Luis Alberto Cuello (PC), Jorge D\u00edaz (DC), Mat\u00edas Fern\u00e1ndez (FA), Lorena Fries (FA), Gustavo Gatica (IND), Ana Mar\u00eda Gazmuri (PAH), Sof\u00eda Gonz\u00e1lez (PC), Irac\u00ed Hassler (PC), Marcela Hernando (PR), Marcos Ilabaca (PS), Ra\u00fal Leiva (PS), Andrea Mac\u00edas (PS), Luis Malla (PL), Daniel Manouchehri (PS), Cristian Mella (DC), Jos\u00e9 Montalva (IND), Jaime Mulet (FRVS), Javier Mu\u00f1oz (DC), Alex Nahuelquin (PDG), Ximena Naranjo (IND), Emilia Nuyado (PS), Paula Olmos (PDG), \u00c1lvaro Ortiz (DC), Fabi\u00e1n Ossand\u00f3n (PDG), Andrea Parra (PPD), Patricio Pinilla (DC), Lorena Pizarro (PC), Tamara Ram\u00edrez (PDG), Jos\u00e9 Antonio Rivas (PS), Bernardo Salinas (IND), Juan Santana (PS), Marisela Santib\u00e1\u00f1ez (IND), Emilia Schneider (FA), Constanza Sch\u00f6nhaut (FA), Daniela Serrano (PC), Ra\u00fal Soto (PPD), Cristi\u00e1n Tapia (IND), Carolina Tello (FA), H\u00e9ctor Ulloa (IND), Eileen Urqueta (PDG), Tatiana Urrutia (FA), C\u00e9sar Valenzuela (PS), Juan Marcelo Valenzuela (PDG), Consuelo Veloso (FA), Nelson Venegas (PS), Sebasti\u00e1n Videla (IND), Gonzalo Winter (FA), Gael Yeomans (FA) y Fernando Zamorano (PPD).<\/p>\n<h2>La derecha concentr\u00f3 el rechazo<\/h2>\n<p class=\"isSelectedEnd\">En el caso de los <strong>43 votos en contra<\/strong>, estos se concentraron principalmente en parlamentarios de derecha y centroderecha.<\/p>\n<p class=\"isSelectedEnd\">Entre quienes rechazaron la creaci\u00f3n de la comisi\u00f3n se encuentran diputados del Partido Republicano, la UDI, Renovaci\u00f3n Nacional, el Partido Nacional Libertario, Ev\u00f3poli y el Partido Social Cristiano.<\/p>\n<p class=\"isSelectedEnd\"><strong>Votaron en contra:<\/strong><\/p>\n<p class=\"isSelectedEnd\">Cristi\u00e1n Araya (REP), Carlo Arqueros (REP), Roberto Arroyo (PSC), Enrique Bassaletti (IND), Valentina Becerra (REP), Juan Carlos Beltr\u00e1n (RN), Sergio Bobadilla (UDI), Carlos Chand\u00eda (RN), Paz Charpentier (REP), Sara Concha (PSC), Catalina Del Real (REP), Eduardo Dur\u00e1n (RN), Ren\u00e9 Manuel Garc\u00eda (RN), Erich Grohs (PNL), Constanza Hube (UDI), Stephanie J\u00e9ldrez (REP), \u00c1lvaro Jofr\u00e9 (PNL), Jos\u00e9 Antonio Kast (REP), Tom\u00e1s Kast (EVOP), Leandro Kunstmann (REP), Benjam\u00edn Lorca (REP), Hans Marowski (PNL), Benjam\u00edn Moreno (REP), Francesca Mu\u00f1oz (PSC), Paulina Mu\u00f1oz (PNL), Ricardo Neumann (UDI), Guillermo Ram\u00edrez (UDI), Rodrigo Ram\u00edrez (IND), Claudia Reyes (REP), Agust\u00edn Romero (REP), Felipe Ross (REP), Luis S\u00e1nchez (REP), Stephan Schubert (REP), Marco Antonio Sulantay (UDI), Fernando Ugarte (REP), Ignacio Urcull\u00fa (REP), Crist\u00f3bal Urruticoechea (PNL), Alejandra Valdebenito (UDI), Daniel Valenzuela (IND), Germ\u00e1n Verdugo (PNL), Diego Vergara (REP), Flor Weisse (UDI) y Sebasti\u00e1n Zamora (IND-REP).<\/p>\n<h2>Ximena Ossand\u00f3n fue la \u00fanica abstenci\u00f3n<\/h2>\n<p class=\"isSelectedEnd\">La \u00fanica abstenci\u00f3n registrada durante la votaci\u00f3n correspondi\u00f3 a <strong>Ximena Ossand\u00f3n (RN)<\/strong>.<\/p>\n<p class=\"isSelectedEnd\">De esta manera, la votaci\u00f3n mostr\u00f3 que la mayor\u00eda de los parlamentarios de derecha que participaron de la instancia opt\u00f3 por rechazar la creaci\u00f3n de la comisi\u00f3n, mientras que el respaldo se concentr\u00f3 principalmente en las bancadas de izquierda, centroizquierda, independientes y algunos representantes de otras fuerzas pol\u00edticas.<\/p>\n<h2>Parlamentarios que no registraron voto<\/h2>\n<p class=\"isSelectedEnd\">La jornada tambi\u00e9n estuvo marcada por un importante n\u00famero de parlamentarios que aparecen como <strong>ausentes o sin registro de votaci\u00f3n<\/strong>.<\/p>\n<p class=\"isSelectedEnd\">Entre ellos figuran Jorge Alessandri (UDI), Ren\u00e9 Alinco (IND), Chiara Barchiesi (REP), Mar\u00eda Francisca Bello (FA), Lilian Betancurt (REP), Jorge Brito (FA), Daniel Bustos (REP), Valentina C\u00e1ceres (IND), \u00c1lvaro Carter (IND), Andr\u00e9s Celis (RN), Jaime Coloma (UDI), Eduardo Cretton (REP), Sebasti\u00e1n Cristoffanini (REP), Mauro Gonz\u00e1lez (RN), Jorge Guzm\u00e1n (EVOP), Juan Irarr\u00e1zaval (REP), Pamela Jiles (IND), Pier Karlezi (REP), Daniel Lilayu (UDI), Crist\u00f3bal Mart\u00ednez (UDI), Cristian Menchaca (REP), Jos\u00e9 Carlos Meza (REP), Claudia Mora (REP), Javiera Morales (REP), Gloria Naveillan (IND), Cristian Neira (REP), Ericka \u00d1anco Coca (FA), Mario Olavarr\u00eda (UDI), Javier Olivares (REP), Francisco Orrego (RN), Luis Pardo (RN), Zandra Parisi (PDG), Joanna P\u00e9rez (IND), Marlene P\u00e9rez (IND), Alejandro Riquelme (RN), Javiera Rodr\u00edguez (REP), Natalia Romero (REP), Omar Sabat (UDI), Macarena Santelices (REP), Diego Schalper (RN), Hotuiti Teao (IND) y Guillermo Vald\u00e9s (RN).<\/p>\n<p>La distribuci\u00f3n de los votos dej\u00f3 en evidencia la <strong>fuerte divisi\u00f3n pol\u00edtica existente en torno a la investigaci\u00f3n de un eventual uso de operaciones digitales, bots u otras herramientas de manipulaci\u00f3n en procesos electorales y plebiscitarios realizados en Chile desde 2020<\/strong>.<\/p>\n","protected":false},"excerpt":{"rendered":"<p>69 diputados respaldaron la creaci\u00f3n de una comisi\u00f3n investigadora, mientras 43 se opusieron y una parlamentaria se abstuvo. La votaci\u00f3n evidenci\u00f3 una marcada divisi\u00f3n entre&hellip; <\/p>\n","protected":false},"author":5,"featured_media":0,"comment_status":"closed","ping_status":"closed","sticky":false,"template":"","format":"standard","meta":{"footnotes":""},"categories":[37],"tags":[],"class_list":["post-108271","post","type-post","status-publish","format-standard","hentry","category-nacional"],"_links":{"self":[{"href":"https:\/\/www.radioamigavallenar.cl\/index.php?rest_route=\/wp\/v2\/posts\/108271","targetHints":{"allow":["GET"]}}],"collection":[{"href":"https:\/\/www.radioamigavallenar.cl\/index.php?rest_route=\/wp\/v2\/posts"}],"about":[{"href":"https:\/\/www.radioamigavallenar.cl\/index.php?rest_route=\/wp\/v2\/types\/post"}],"author":[{"embeddable":true,"href":"https:\/\/www.radioamigavallenar.cl\/index.php?rest_route=\/wp\/v2\/users\/5"}],"replies":[{"embeddable":true,"href":"https:\/\/www.radioamigavallenar.cl\/index.php?rest_route=%2Fwp%2Fv2%2Fcomments&post=108271"}],"version-history":[{"count":1,"href":"https:\/\/www.radioamigavallenar.cl\/index.php?rest_route=\/wp\/v2\/posts\/108271\/revisions"}],"predecessor-version":[{"id":108272,"href":"https:\/\/www.radioamigavallenar.cl\/index.php?rest_route=\/wp\/v2\/posts\/108271\/revisions\/108272"}],"wp:attachment":[{"href":"https:\/\/www.radioamigavallenar.cl\/index.php?rest_route=%2Fwp%2Fv2%2Fmedia&parent=108271"}],"wp:term":[{"taxonomy":"category","embeddable":true,"href":"https:\/\/www.radioamigavallenar.cl\/index.php?rest_route=%2Fwp%2Fv2%2Fcategories&post=108271"},{"taxonomy":"post_tag","embeddable":true,"href":"https:\/\/www.radioamigavallenar.cl\/index.php?rest_route=%2Fwp%2Fv2%2Ftags&post=108271"}],"curies":[{"name":"wp","href":"https:\/\/api.w.org\/{rel}","templated":true}]}}