{"id":108268,"date":"2026-09-02T11:48:29","date_gmt":"2026-09-02T15:48:29","guid":{"rendered":"https:\/\/www.radioamigavallenar.cl\/?p=108268"},"modified":"2026-09-02T11:48:29","modified_gmt":"2026-09-02T15:48:29","slug":"comision-de-educacion-frena-proyecto-que-buscaba-proteger-sueldos-de-deudores-del-cae-frente-a-embargos","status":"publish","type":"post","link":"https:\/\/www.radioamigavallenar.cl\/?p=108268","title":{"rendered":"Comisi\u00f3n de Educaci\u00f3n frena proyecto que buscaba proteger sueldos de deudores del CAE frente a embargos"},"content":{"rendered":"<p class=\"isSelectedEnd\"><strong>La iniciativa \u201cSueldos Protegidos\u201d fue declarada inadmisible por ocho votos contra cinco. Sus impulsores cuestionaron la decisi\u00f3n y anunciaron que buscar\u00e1n nuevas v\u00edas para avanzar en la protecci\u00f3n de las remuneraciones.<\/strong><\/p>\n<p class=\"isSelectedEnd\"><strong>Santiago, 2 de septiembre de 2026.-<\/strong> La Comisi\u00f3n de Educaci\u00f3n de la C\u00e1mara de Diputadas y Diputados declar\u00f3 inadmisible el proyecto denominado <strong>\u201cSueldos Protegidos\u201d<\/strong>, iniciativa que buscaba impedir que las remuneraciones de trabajadores perdieran su car\u00e1cter de inembargables una vez depositadas en una cuenta bancaria, particularmente en casos relacionados con cobranzas de deudas del <strong>Cr\u00e9dito con Aval del Estado (CAE)<\/strong>.<\/p>\n<p class=\"isSelectedEnd\">La propuesta fue rechazada por <strong>ocho votos contra cinco<\/strong>, luego de que la diputada <strong>Paz Charpentier (Republicanos)<\/strong> planteara que la iniciativa podr\u00eda afectar las finanzas p\u00fablicas y, por esa raz\u00f3n, corresponder\u00eda a una materia de iniciativa exclusiva del Presidente de la Rep\u00fablica.<\/p>\n<p class=\"isSelectedEnd\">El proyecto hab\u00eda sido presentado por parlamentarios de oposici\u00f3n tras conocerse casos de personas con deudas del CAE cuyas cuentas bancarias fueron objeto de embargos por parte de la <strong>Tesorer\u00eda General de la Rep\u00fablica (TGR)<\/strong>.<\/p>\n<h3>\u00bfQu\u00e9 propon\u00eda \u201cSueldos Protegidos\u201d?<\/h3>\n<p class=\"isSelectedEnd\">La iniciativa buscaba modificar el <strong>art\u00edculo 57 del C\u00f3digo del Trabajo<\/strong>, norma que establece, como regla general, la inembargabilidad de las remuneraciones y contempla excepciones para la parte que exceda las 56 UF.<\/p>\n<p class=\"isSelectedEnd\">Los autores del proyecto planteaban que existe un problema cuando las remuneraciones son depositadas en una cuenta bancaria, debido a que esos fondos podr\u00edan ser considerados como saldo disponible y quedar expuestos a procedimientos de cobranza.<\/p>\n<p class=\"isSelectedEnd\">Por ello, la propuesta buscaba establecer expresamente que la protecci\u00f3n legal de las remuneraciones se mantuviera incluso despu\u00e9s de que el sueldo fuera depositado o transferido a una cuenta bancaria, ya fuera corriente, vista o de ahorro.<\/p>\n<p class=\"isSelectedEnd\">Entre los parlamentarios que impulsaron la iniciativa se encuentran <strong>Daniela Serrano, Nathalie Castillo, Luis Cuello, Marcos Barraza y Boris Barrera<\/strong>, del Partido Comunista; <strong>Emilia Schneider<\/strong>, del Frente Amplio; <strong>Ana Mar\u00eda Gazmuri<\/strong>, <strong>Juan Santana<\/strong>, <strong>Paula Olmos<\/strong> y <strong>Patricio Pinilla<\/strong>.<\/p>\n<h3>Argumentos para declarar inadmisible el proyecto<\/h3>\n<p class=\"isSelectedEnd\">La discusi\u00f3n sobre la admisibilidad se produjo luego de que la iniciativa ya hubiera sido considerada admisible por la Sala de la C\u00e1mara.<\/p>\n<p class=\"isSelectedEnd\">La diputada Paz Charpentier sostuvo que el proyecto podr\u00eda infringir el <strong>art\u00edculo 65 de la Constituci\u00f3n<\/strong>, al considerar que tendr\u00eda efectos sobre la administraci\u00f3n financiera del Estado y eventualmente sobre la recaudaci\u00f3n fiscal.<\/p>\n<p class=\"isSelectedEnd\">Tras este planteamiento, la Comisi\u00f3n de Educaci\u00f3n someti\u00f3 nuevamente a votaci\u00f3n la admisibilidad del proyecto, resolviendo declararlo inadmisible.<\/p>\n<p class=\"isSelectedEnd\">La decisi\u00f3n cont\u00f3 con los votos favorables de <strong>Sergio Bobadilla (UDI), Ricardo Neumann (UDI), Paz Charpentier (Republicanos), Diego Vergara (Republicanos), Valentina Becerra (Republicanos), Luis Pardo (RN), Sara Concha (PSC) y Germ\u00e1n Verdugo (PNL)<\/strong>.<\/p>\n<h3>Oposici\u00f3n cuestiona decisi\u00f3n<\/h3>\n<p class=\"isSelectedEnd\">Desde la oposici\u00f3n cuestionaron la determinaci\u00f3n adoptada por la comisi\u00f3n y acusaron que la iniciativa no alcanz\u00f3 a ser discutida en profundidad.<\/p>\n<p class=\"isSelectedEnd\">La diputada <strong>Daniela Serrano (PC)<\/strong>, una de las autoras del proyecto, sostuvo que la decisi\u00f3n constituye un precedente negativo y acus\u00f3 a los parlamentarios oficialistas de utilizar su mayor\u00eda en la comisi\u00f3n para impedir la discusi\u00f3n.<\/p>\n<p class=\"isSelectedEnd\">\u201cAbusan de su mayor\u00eda circunstancial. Vetan pol\u00edticamente un proyecto para no dar la discusi\u00f3n. Esto es un precedente grave\u201d, afirm\u00f3.<\/p>\n<p class=\"isSelectedEnd\">Serrano sostuvo adem\u00e1s que la iniciativa buscaba evitar que fondos correspondientes originalmente a remuneraciones quedaran expuestos a procedimientos de embargo una vez depositados en cuentas bancarias.<\/p>\n<p class=\"isSelectedEnd\">Por su parte, la diputada <strong>Emilia Schneider (FA)<\/strong> calific\u00f3 como \u201cgrav\u00edsimo\u201d lo ocurrido y cuestion\u00f3 que la comisi\u00f3n no haya permitido avanzar en una propuesta destinada a entregar mayor protecci\u00f3n a personas endeudadas con el CAE.<\/p>\n<p class=\"isSelectedEnd\">\u201cEl oficialismo ni siquiera est\u00e1 disponible a discutir un proyecto para darle un alivio a las y los deudores del CAE que han sufrido estos cobros abusivos\u201d, se\u00f1al\u00f3.<\/p>\n<p class=\"isSelectedEnd\">En tanto, la diputada <strong>Paula Olmos (PDG)<\/strong>, tambi\u00e9n integrante del grupo de parlamentarios que present\u00f3 la iniciativa, record\u00f3 que el proyecto surgi\u00f3 a partir de casos de embargos realizados por la Tesorer\u00eda y manifest\u00f3 su intenci\u00f3n de continuar buscando alternativas legislativas.<\/p>\n<p class=\"isSelectedEnd\">\u201cSeguiremos buscando instancias que nos permitan proteger las remuneraciones de las y los trabajadores para que no queden desprotegidos. Por la dignidad de las personas y sus familias\u201d, sostuvo.<\/p>\n<p>De esta manera, el proyecto <strong>\u201cSueldos Protegidos\u201d no continuar\u00e1 su tramitaci\u00f3n en la Comisi\u00f3n de Educaci\u00f3n<\/strong>, mientras sus impulsores eval\u00faan nuevas alternativas para abordar la situaci\u00f3n de las remuneraciones de personas que mantienen deudas asociadas al CAE.<\/p>\n","protected":false},"excerpt":{"rendered":"<p>La iniciativa \u201cSueldos Protegidos\u201d fue declarada inadmisible por ocho votos contra cinco. Sus impulsores cuestionaron la decisi\u00f3n y anunciaron que buscar\u00e1n nuevas v\u00edas para avanzar&hellip; <\/p>\n","protected":false},"author":5,"featured_media":108269,"comment_status":"closed","ping_status":"closed","sticky":false,"template":"","format":"standard","meta":{"footnotes":""},"categories":[37],"tags":[],"class_list":["post-108268","post","type-post","status-publish","format-standard","has-post-thumbnail","hentry","category-nacional"],"_links":{"self":[{"href":"https:\/\/www.radioamigavallenar.cl\/index.php?rest_route=\/wp\/v2\/posts\/108268","targetHints":{"allow":["GET"]}}],"collection":[{"href":"https:\/\/www.radioamigavallenar.cl\/index.php?rest_route=\/wp\/v2\/posts"}],"about":[{"href":"https:\/\/www.radioamigavallenar.cl\/index.php?rest_route=\/wp\/v2\/types\/post"}],"author":[{"embeddable":true,"href":"https:\/\/www.radioamigavallenar.cl\/index.php?rest_route=\/wp\/v2\/users\/5"}],"replies":[{"embeddable":true,"href":"https:\/\/www.radioamigavallenar.cl\/index.php?rest_route=%2Fwp%2Fv2%2Fcomments&post=108268"}],"version-history":[{"count":1,"href":"https:\/\/www.radioamigavallenar.cl\/index.php?rest_route=\/wp\/v2\/posts\/108268\/revisions"}],"predecessor-version":[{"id":108270,"href":"https:\/\/www.radioamigavallenar.cl\/index.php?rest_route=\/wp\/v2\/posts\/108268\/revisions\/108270"}],"wp:featuredmedia":[{"embeddable":true,"href":"https:\/\/www.radioamigavallenar.cl\/index.php?rest_route=\/wp\/v2\/media\/108269"}],"wp:attachment":[{"href":"https:\/\/www.radioamigavallenar.cl\/index.php?rest_route=%2Fwp%2Fv2%2Fmedia&parent=108268"}],"wp:term":[{"taxonomy":"category","embeddable":true,"href":"https:\/\/www.radioamigavallenar.cl\/index.php?rest_route=%2Fwp%2Fv2%2Fcategories&post=108268"},{"taxonomy":"post_tag","embeddable":true,"href":"https:\/\/www.radioamigavallenar.cl\/index.php?rest_route=%2Fwp%2Fv2%2Ftags&post=108268"}],"curies":[{"name":"wp","href":"https:\/\/api.w.org\/{rel}","templated":true}]}}