{"id":108266,"date":"2026-09-02T11:45:19","date_gmt":"2026-09-02T15:45:19","guid":{"rendered":"https:\/\/www.radioamigavallenar.cl\/?p=108266"},"modified":"2026-09-02T11:45:19","modified_gmt":"2026-09-02T15:45:19","slug":"kast-supervisara-ejercicio-naval-con-fuego-real-durante-despliegue-de-la-armada-en-magallanes","status":"publish","type":"post","link":"https:\/\/www.radioamigavallenar.cl\/?p=108266","title":{"rendered":"Kast supervisar\u00e1 ejercicio naval con fuego real durante despliegue de la Armada en Magallanes"},"content":{"rendered":"<h1><\/h1>\n<p class=\"isSelectedEnd\"><strong>El Presidente encabezar\u00e1 una revista a la Fuerza de Tarea Naval desplegada en la zona austral, donde se realizar\u00e1n maniobras antisubmarinas, de interdicci\u00f3n mar\u00edtima, reabastecimiento y demostraciones de fuego real.<\/strong><\/p>\n<p class=\"isSelectedEnd\"><strong>Magallanes, 2 de septiembre de 2026.-<\/strong> El Presidente de la Rep\u00fablica, <strong>Jos\u00e9 Antonio Kast<\/strong>, encabezar\u00e1 este mi\u00e9rcoles en la Regi\u00f3n de Magallanes una revista a la Fuerza de Tarea Naval de la Armada, en el marco de un despliegue operacional destinado a evaluar las capacidades de respuesta y coordinaci\u00f3n de las unidades navales en el extremo sur del pa\u00eds.<\/p>\n<p class=\"isSelectedEnd\">El Mandatario estar\u00e1 acompa\u00f1ado por el ministro del Interior, <strong>Claudio Alvarado<\/strong>; el ministro de Defensa, <strong>Fernando Barros<\/strong>; y el comandante en jefe de la Armada, almirante <strong>Fernando Cabrera<\/strong>.<\/p>\n<p class=\"isSelectedEnd\">Durante la jornada, Kast abordar\u00e1 la fragata <strong>\u201cCapit\u00e1n Prat\u201d<\/strong>, desde donde observar\u00e1 distintas maniobras t\u00e1cticas desarrolladas por las unidades participantes, las que permitir\u00e1n poner a prueba sus capacidades frente a diversos escenarios operacionales.<\/p>\n<h3>Cuatro fases contempla el ejercicio<\/h3>\n<p class=\"isSelectedEnd\">La actividad considera cuatro etapas principales. La primera corresponder\u00e1 a la simulaci\u00f3n de un escenario cr\u00edtico mediante un <strong>ejercicio antisubmarino<\/strong>, que contar\u00e1 con la participaci\u00f3n del submarino <strong>\u201cCarrera\u201d<\/strong>.<\/p>\n<p class=\"isSelectedEnd\">Posteriormente, se desarrollar\u00e1 una operaci\u00f3n de <strong>interdicci\u00f3n mar\u00edtima<\/strong>, que contempla el abordaje de una embarcaci\u00f3n mediante la inserci\u00f3n de personal especializado desde un helic\u00f3ptero hacia el remolcador <strong>\u201cLientur\u201d<\/strong>.<\/p>\n<p class=\"isSelectedEnd\">La tercera fase estar\u00e1 enfocada en un ejercicio de <strong>reaprovisionamiento en la mar<\/strong>, maniobra que permite realizar el traspaso de combustible y otros suministros entre embarcaciones mientras estas se encuentran navegando.<\/p>\n<p class=\"isSelectedEnd\">Finalmente, se realizar\u00e1 una demostraci\u00f3n de <strong>fuego real<\/strong>, que comenzar\u00e1 con disparos de artiller\u00eda de apoyo naval efectuados por la fragata <strong>\u201cAlmirante Latorre\u201d<\/strong> y continuar\u00e1 con una acci\u00f3n ofensiva diurna a cargo de fuerzas de Infanter\u00eda de Marina.<\/p>\n<h3>Unidades navales participar\u00e1n del despliegue<\/h3>\n<p class=\"isSelectedEnd\">En el ejercicio participar\u00e1n las fragatas <strong>\u201cAlmirante Lynch\u201d, \u201cAlmirante Williams\u201d, \u201cAlmirante Latorre\u201d y \u201cCapit\u00e1n Prat\u201d<\/strong>, adem\u00e1s del buque multiprop\u00f3sito <strong>\u201cSargento Aldea\u201d<\/strong>, el submarino <strong>\u201cCarrera\u201d<\/strong> y otras unidades de apoyo.<\/p>\n<p class=\"isSelectedEnd\">El despliegue busca evaluar la coordinaci\u00f3n y capacidad operacional de las fuerzas navales en la zona austral, mediante una serie de ejercicios que abarcan distintas \u00e1reas de operaci\u00f3n, entre ellas guerra antisubmarina, interdicci\u00f3n mar\u00edtima, reabastecimiento y empleo de armamento en condiciones controladas.<\/p>\n<p>La presencia del Presidente Kast permitir\u00e1 observar directamente el desarrollo de estas maniobras y conocer las capacidades con que cuenta la Armada para operar y responder ante distintos escenarios en el extremo sur del territorio nacional.<\/p>\n","protected":false},"excerpt":{"rendered":"<p>El Presidente encabezar\u00e1 una revista a la Fuerza de Tarea Naval desplegada en la zona austral, donde se realizar\u00e1n maniobras antisubmarinas, de interdicci\u00f3n mar\u00edtima, reabastecimiento&hellip; <\/p>\n","protected":false},"author":5,"featured_media":98854,"comment_status":"closed","ping_status":"closed","sticky":false,"template":"","format":"standard","meta":{"footnotes":""},"categories":[37],"tags":[],"class_list":["post-108266","post","type-post","status-publish","format-standard","has-post-thumbnail","hentry","category-nacional"],"_links":{"self":[{"href":"https:\/\/www.radioamigavallenar.cl\/index.php?rest_route=\/wp\/v2\/posts\/108266","targetHints":{"allow":["GET"]}}],"collection":[{"href":"https:\/\/www.radioamigavallenar.cl\/index.php?rest_route=\/wp\/v2\/posts"}],"about":[{"href":"https:\/\/www.radioamigavallenar.cl\/index.php?rest_route=\/wp\/v2\/types\/post"}],"author":[{"embeddable":true,"href":"https:\/\/www.radioamigavallenar.cl\/index.php?rest_route=\/wp\/v2\/users\/5"}],"replies":[{"embeddable":true,"href":"https:\/\/www.radioamigavallenar.cl\/index.php?rest_route=%2Fwp%2Fv2%2Fcomments&post=108266"}],"version-history":[{"count":1,"href":"https:\/\/www.radioamigavallenar.cl\/index.php?rest_route=\/wp\/v2\/posts\/108266\/revisions"}],"predecessor-version":[{"id":108267,"href":"https:\/\/www.radioamigavallenar.cl\/index.php?rest_route=\/wp\/v2\/posts\/108266\/revisions\/108267"}],"wp:featuredmedia":[{"embeddable":true,"href":"https:\/\/www.radioamigavallenar.cl\/index.php?rest_route=\/wp\/v2\/media\/98854"}],"wp:attachment":[{"href":"https:\/\/www.radioamigavallenar.cl\/index.php?rest_route=%2Fwp%2Fv2%2Fmedia&parent=108266"}],"wp:term":[{"taxonomy":"category","embeddable":true,"href":"https:\/\/www.radioamigavallenar.cl\/index.php?rest_route=%2Fwp%2Fv2%2Fcategories&post=108266"},{"taxonomy":"post_tag","embeddable":true,"href":"https:\/\/www.radioamigavallenar.cl\/index.php?rest_route=%2Fwp%2Fv2%2Ftags&post=108266"}],"curies":[{"name":"wp","href":"https:\/\/api.w.org\/{rel}","templated":true}]}}