{"id":108263,"date":"2026-09-02T11:40:31","date_gmt":"2026-09-02T15:40:31","guid":{"rendered":"https:\/\/www.radioamigavallenar.cl\/?p=108263"},"modified":"2026-09-02T11:40:31","modified_gmt":"2026-09-02T15:40:31","slug":"gobierno-regional-impulsa-nueva-cartera-de-obras-en-huasco-con-inversion-superior-a-1-300-millones","status":"publish","type":"post","link":"https:\/\/www.radioamigavallenar.cl\/?p=108263","title":{"rendered":"Gobierno Regional impulsa nueva cartera de obras en Huasco con inversi\u00f3n superior a $1.300 millones"},"content":{"rendered":"<p class=\"isSelectedEnd\"><strong>Los proyectos contemplan mejoras en infraestructura deportiva, espacios p\u00fablicos y recintos comunitarios, beneficiando a organizaciones y vecinos de distintos sectores de la comuna.<\/strong><\/p>\n<p class=\"isSelectedEnd\">Una intensa jornada de trabajo desarroll\u00f3 en la comuna de Huasco el gobernador regional de Atacama, <strong>Miguel Vargas<\/strong>, junto al alcalde <strong>Genaro Brice\u00f1o<\/strong>, concejales, equipos municipales y representantes de organizaciones sociales, instancia en la que se concret\u00f3 la firma y anuncio de una importante cartera de proyectos financiados por el Gobierno Regional.<\/p>\n<p class=\"isSelectedEnd\">Las iniciativas consideran una inversi\u00f3n conjunta superior a los <strong>$1.300 millones<\/strong> y permitir\u00e1n avanzar en el mejoramiento de infraestructura deportiva, recuperaci\u00f3n de espacios p\u00fablicos y construcci\u00f3n de nuevos recintos comunitarios, dando respuesta a proyectos que han sido impulsados durante a\u00f1os por vecinos y organizaciones de la comuna.<\/p>\n<p class=\"isSelectedEnd\">Entre las iniciativas destaca el <strong>\u201cMejoramiento de la Cancha de Patinaje\u201d<\/strong>, ubicada en la poblaci\u00f3n Canto del Agua, proyecto que contempla una inversi\u00f3n de <strong>$324.483.390<\/strong>.<\/p>\n<p class=\"isSelectedEnd\">Las obras consideran la construcci\u00f3n de una cubierta met\u00e1lica, mejoramiento de radieres y galer\u00edas, accesibilidad universal, muros, instalaciones el\u00e9ctricas, iluminaci\u00f3n, elementos de seguridad y un sistema de evacuaci\u00f3n de aguas lluvias, entre otras intervenciones destinadas a mejorar y habilitar este recinto deportivo.<\/p>\n<p class=\"isSelectedEnd\">A este proyecto se suma la <strong>\u201cConstrucci\u00f3n de la Sede Comunitaria del Club de Adulto Mayor Siglo XXI\u201d<\/strong>, que contar\u00e1 con una inversi\u00f3n de <strong>$221.179.123<\/strong>.<\/p>\n<p class=\"isSelectedEnd\">El nuevo recinto estar\u00e1 ubicado en calle Prat y contempla estructura met\u00e1lica, radieres, escaleras, rampas y accesibilidad universal, estacionamientos, sombreadero, cierre perimetral y otras obras complementarias destinadas a generar un espacio adecuado para las actividades de la organizaci\u00f3n.<\/p>\n<h3>Renovaci\u00f3n de infraestructura deportiva<\/h3>\n<p class=\"isSelectedEnd\">En materia deportiva, durante la jornada tambi\u00e9n se concret\u00f3 la firma del convenio para la <strong>\u201cReposici\u00f3n de la Carpeta de la Cancha de F\u00fatbol Senior Paulino Callejas\u201d<\/strong>, iniciativa que considera una inversi\u00f3n total de <strong>$539.500.000<\/strong>, incluyendo obras civiles, equipamiento y gastos administrativos.<\/p>\n<p class=\"isSelectedEnd\">El proyecto permitir\u00e1 reemplazar la actual superficie de pasto natural por <strong>c\u00e9sped artificial<\/strong>, incorporando adem\u00e1s un sistema de shockpad, equipamiento de arcos, bancas de suplentes y banderines.<\/p>\n<p class=\"isSelectedEnd\">En tanto, en <strong>Huasco Bajo<\/strong> se desarrollar\u00e1 el proyecto de <strong>\u201cHabilitaci\u00f3n del Paseo Peatonal de calle Colo Colo\u201d<\/strong>, con una inversi\u00f3n de <strong>$226.771.299<\/strong>.<\/p>\n<p class=\"isSelectedEnd\">La iniciativa contempla la ejecuci\u00f3n de muros de contenci\u00f3n, pavimentos, rampas de acceso, luminarias, bancas, basureros, arborizaci\u00f3n y otras obras complementarias que permitir\u00e1n mejorar las condiciones de este espacio p\u00fablico.<\/p>\n<p class=\"isSelectedEnd\">Durante la jornada tambi\u00e9n se abord\u00f3 el proyecto de <strong>reposici\u00f3n de la pavimentaci\u00f3n de la prolongaci\u00f3n de calle O\u2019Higgins<\/strong>, en Huasco Bajo, iniciativa que ya se encuentra adjudicada y pr\u00f3xima a iniciar sus obras.<\/p>\n<p class=\"isSelectedEnd\">Los trabajos consideran el levantamiento de la actual carpeta de hormig\u00f3n y su reposici\u00f3n, adem\u00e1s de la instalaci\u00f3n de soleras y construcci\u00f3n de veredas.<\/p>\n<h3>Gobierno Regional destaca trabajo con las organizaciones<\/h3>\n<p class=\"isSelectedEnd\">El gobernador regional de Atacama, <strong>Miguel Vargas<\/strong>, destac\u00f3 la concreci\u00f3n de los convenios y el trabajo desarrollado junto a las organizaciones y el municipio.<\/p>\n<p class=\"isSelectedEnd\">\u201cHemos firmado convenios que permiten materializar proyectos largamente anhelados por la comunidad. Destacar la reposici\u00f3n de la sede del Club de Adulto Mayor Siglo XXI. Tambi\u00e9n firmamos el convenio para materializar la inversi\u00f3n de la reposici\u00f3n de la carpeta de la cancha de f\u00fatbol Paulino Callejas, aqu\u00ed en la comuna de Huasco. En ese proyecto, una inversi\u00f3n de m\u00e1s de 500 millones de pesos\u201d, se\u00f1al\u00f3.<\/p>\n<p class=\"isSelectedEnd\">La autoridad regional tambi\u00e9n valor\u00f3 especialmente el trabajo realizado por las organizaciones sociales para levantar sus necesidades y transformarlas en proyectos de inversi\u00f3n.<\/p>\n<p class=\"isSelectedEnd\">\u201cDetr\u00e1s del trabajo de una organizaci\u00f3n est\u00e1n las esperanzas de las familias que viven en los territorios y, cuando hay una buena organizaci\u00f3n, eso se nota y surgen los proyectos, surgen las demandas. Es lo que est\u00e1 ocurriendo aqu\u00ed en distintos sectores de la comuna de Huasco\u201d, afirm\u00f3 Vargas.<\/p>\n<p class=\"isSelectedEnd\">Por su parte, el alcalde de Huasco, <strong>Genaro Brice\u00f1o<\/strong>, destac\u00f3 el conjunto de iniciativas que se encuentran en desarrollo y el trabajo colaborativo con el Gobierno Regional.<\/p>\n<p class=\"isSelectedEnd\">\u201cSon tres compromisos del Fondo Regional de Inversi\u00f3n Local, los tradicionales. Uno con la Junta de Vecinos n\u00famero cinco de Huasco Bajo, ac\u00e1 en lo que va a ser el paseo peatonal Colo Colo; tambi\u00e9n pronto con el proceso de mejoramiento de calzada en calle O\u2019Higgins, en Huasco Bajo\u201d, explic\u00f3 el jefe comunal.<\/p>\n<p class=\"isSelectedEnd\">Brice\u00f1o tambi\u00e9n valor\u00f3 las iniciativas destinadas al deporte y a las organizaciones sociales, destacando el mejoramiento del espacio utilizado por el <strong>Club de Patinaje Art\u00edstico<\/strong>, la construcci\u00f3n de la nueva sede para el <strong>Club de Adulto Mayor Siglo XXI<\/strong> y la renovaci\u00f3n de la <strong>cancha Paulino Callejas<\/strong>.<\/p>\n<p class=\"isSelectedEnd\">\u201cEstamos contentos. Reiteramos el apoyo constante que tenemos del Gobierno Regional que encabeza Miguel Vargas Correa, que se hace presente en los territorios y tambi\u00e9n ante las necesidades que levantan los vecinos, los presidentes de las juntas de vecinos, los clubes de adulto mayor y los clubes deportivos\u201d, sostuvo.<\/p>\n<p>Con esta cartera de proyectos, el Gobierno Regional y el municipio buscan avanzar en la recuperaci\u00f3n y modernizaci\u00f3n de distintos espacios de uso comunitario, fortaleciendo la infraestructura deportiva, social y urbana de la comuna de Huasco y respondiendo a requerimientos planteados directamente por sus organizaciones y vecinos.<\/p>\n","protected":false},"excerpt":{"rendered":"<p>Los proyectos contemplan mejoras en infraestructura deportiva, espacios p\u00fablicos y recintos comunitarios, beneficiando a organizaciones y vecinos de distintos sectores de la comuna. Una intensa&hellip; <\/p>\n","protected":false},"author":5,"featured_media":108264,"comment_status":"closed","ping_status":"closed","sticky":false,"template":"","format":"standard","meta":{"footnotes":""},"categories":[7],"tags":[],"class_list":["post-108263","post","type-post","status-publish","format-standard","has-post-thumbnail","hentry","category-atacama"],"_links":{"self":[{"href":"https:\/\/www.radioamigavallenar.cl\/index.php?rest_route=\/wp\/v2\/posts\/108263","targetHints":{"allow":["GET"]}}],"collection":[{"href":"https:\/\/www.radioamigavallenar.cl\/index.php?rest_route=\/wp\/v2\/posts"}],"about":[{"href":"https:\/\/www.radioamigavallenar.cl\/index.php?rest_route=\/wp\/v2\/types\/post"}],"author":[{"embeddable":true,"href":"https:\/\/www.radioamigavallenar.cl\/index.php?rest_route=\/wp\/v2\/users\/5"}],"replies":[{"embeddable":true,"href":"https:\/\/www.radioamigavallenar.cl\/index.php?rest_route=%2Fwp%2Fv2%2Fcomments&post=108263"}],"version-history":[{"count":1,"href":"https:\/\/www.radioamigavallenar.cl\/index.php?rest_route=\/wp\/v2\/posts\/108263\/revisions"}],"predecessor-version":[{"id":108265,"href":"https:\/\/www.radioamigavallenar.cl\/index.php?rest_route=\/wp\/v2\/posts\/108263\/revisions\/108265"}],"wp:featuredmedia":[{"embeddable":true,"href":"https:\/\/www.radioamigavallenar.cl\/index.php?rest_route=\/wp\/v2\/media\/108264"}],"wp:attachment":[{"href":"https:\/\/www.radioamigavallenar.cl\/index.php?rest_route=%2Fwp%2Fv2%2Fmedia&parent=108263"}],"wp:term":[{"taxonomy":"category","embeddable":true,"href":"https:\/\/www.radioamigavallenar.cl\/index.php?rest_route=%2Fwp%2Fv2%2Fcategories&post=108263"},{"taxonomy":"post_tag","embeddable":true,"href":"https:\/\/www.radioamigavallenar.cl\/index.php?rest_route=%2Fwp%2Fv2%2Ftags&post=108263"}],"curies":[{"name":"wp","href":"https:\/\/api.w.org\/{rel}","templated":true}]}}