{"id":108260,"date":"2026-09-02T11:37:14","date_gmt":"2026-09-02T15:37:14","guid":{"rendered":"https:\/\/www.radioamigavallenar.cl\/?p=108260"},"modified":"2026-09-02T11:37:14","modified_gmt":"2026-09-02T15:37:14","slug":"del-huasco-al-bellas-artes-estudiantes-de-vallenar-viven-experiencia-artistica-inspirada-en-roberto-matta","status":"publish","type":"post","link":"https:\/\/www.radioamigavallenar.cl\/?p=108260","title":{"rendered":"Del Huasco al Bellas Artes: estudiantes de Vallenar viven experiencia art\u00edstica inspirada en Roberto Matta"},"content":{"rendered":"<p class=\"isSelectedEnd\"><strong>La iniciativa \u201cLos Cosmos de Matta\u201d, impulsada por Cecrea Vallenar, permiti\u00f3 a estudiantes del Liceo Polit\u00e9cnico Jos\u00e9 Santos Ossa conocer el Museo Nacional de Bellas Artes y comenzar un proceso de creaci\u00f3n que continuar\u00e1 en la Provincia del Huasco.<\/strong><\/p>\n<p class=\"isSelectedEnd\">Desde las aulas del <strong>Liceo Polit\u00e9cnico Jos\u00e9 Santos Ossa de Vallenar<\/strong> hasta el <strong>Museo Nacional de Bellas Artes<\/strong>, en Santiago, un grupo de estudiantes emprendi\u00f3 un viaje que fue mucho m\u00e1s que un recorrido geogr\u00e1fico. La experiencia les permiti\u00f3 acercarse al arte y al patrimonio desde una nueva perspectiva, conectando la obra del destacado artista chileno <strong>Roberto Matta<\/strong> con sus propias experiencias, inquietudes y la realidad de su territorio.<\/p>\n<p class=\"isSelectedEnd\">La visita se desarroll\u00f3 en el marco de <strong>\u201cLos Cosmos de Matta\u201d<\/strong>, iniciativa impulsada por <strong>Cecrea Vallenar<\/strong>, del Ministerio de las Culturas, las Artes y el Patrimonio, en conjunto con el Museo Nacional de Bellas Artes. La actividad permiti\u00f3 a los j\u00f3venes conocer directamente el universo creativo de Matta, uno de los artistas chilenos de mayor reconocimiento internacional.<\/p>\n<p class=\"isSelectedEnd\">Durante el recorrido, los estudiantes pudieron aproximarse a una obra vinculada con la exploraci\u00f3n del espacio, la percepci\u00f3n, el pensamiento y la relaci\u00f3n entre arte y ciencia, elementos que marcaron parte importante de la trayectoria del artista.<\/p>\n<p class=\"isSelectedEnd\">Sin embargo, la experiencia tuvo un significado que fue m\u00e1s all\u00e1 de conocer una exposici\u00f3n. La visita al museo constituy\u00f3 el primer paso de un proceso de creaci\u00f3n que continuar\u00e1 en Vallenar y que tendr\u00e1 a los propios estudiantes como protagonistas.<\/p>\n<h3>Un encuentro entre generaciones de artistas<\/h3>\n<p class=\"isSelectedEnd\">Uno de los momentos m\u00e1s significativos de la jornada fue el encuentro con <strong>Alejandro \u201cMono\u201d Gonz\u00e1lez<\/strong>, Premio Nacional de Artes Pl\u00e1sticas 2025, quien acompa\u00f1\u00f3 a los estudiantes durante la experiencia y comparti\u00f3 con ellos parte de su trayectoria y su mirada sobre la creaci\u00f3n art\u00edstica.<\/p>\n<p class=\"isSelectedEnd\">El di\u00e1logo entre el reconocido muralista y los j\u00f3venes permiti\u00f3 generar un puente entre distintas generaciones y formas de entender el arte, estimulando preguntas y reflexiones que ser\u00e1n parte del proceso creativo que ahora se trasladar\u00e1 nuevamente al territorio.<\/p>\n<p class=\"isSelectedEnd\">Para <strong>Inti Carrizo, director de Cecrea Vallenar<\/strong>, este tipo de experiencias busca que ni\u00f1os, ni\u00f1as y j\u00f3venes no sean \u00fanicamente espectadores de la cultura, sino que puedan apropiarse de ella, interpretarla desde sus propias experiencias y transformarla en nuevas expresiones.<\/p>\n<p class=\"isSelectedEnd\">\u201cVer a los estudiantes del Liceo Jos\u00e9 Santos Ossa conectar con la obra de Matta y hacerlo adem\u00e1s acompa\u00f1ados por un artista como el \u2018Mono\u2019 Gonz\u00e1lez es justamente el tipo de experiencia que queremos generar desde Cecrea. Esta visita no termina en el museo; es el punto de partida de un proceso creativo que llevaremos a Vallenar, donde los propios j\u00f3venes podr\u00e1n interpretar lo que conocieron y relacionarlo con su territorio, sus experiencias y sus propias miradas\u201d, se\u00f1al\u00f3 Carrizo.<\/p>\n<h3>Del museo al territorio<\/h3>\n<p class=\"isSelectedEnd\">Uno de los principales desaf\u00edos de <strong>\u201cLos Cosmos de Matta\u201d<\/strong> ser\u00e1 trasladar la experiencia desde el espacio museal hasta la Provincia del Huasco.<\/p>\n<p class=\"isSelectedEnd\">Tras su visita al Museo Nacional de Bellas Artes, los estudiantes comenzar\u00e1n un proceso de cocreaci\u00f3n art\u00edstica junto a Cecrea Vallenar, tomando como punto de partida las preguntas, conceptos y est\u00edmulos que surgieron durante la experiencia.<\/p>\n<p class=\"isSelectedEnd\">El proceso buscar\u00e1 vincular las reflexiones inspiradas en Matta con la realidad del territorio, incorporando la identidad, los paisajes, las experiencias y las propias inquietudes de los j\u00f3venes de Vallenar.<\/p>\n<p class=\"isSelectedEnd\">De esta manera, el arte se transforma en una herramienta para observar y reinterpretar el entorno, permitiendo que los estudiantes exploren nuevas formas de representar aquello que forma parte de su vida cotidiana.<\/p>\n<p class=\"isSelectedEnd\">La experiencia tambi\u00e9n refuerza el trabajo desarrollado por Cecrea para acercar a ni\u00f1os, ni\u00f1as y j\u00f3venes de regiones a espacios culturales y patrimoniales de relevancia nacional, generando oportunidades de aprendizaje que posteriormente puedan ser resignificadas desde sus propios territorios.<\/p>\n<h3>Una experiencia que continuar\u00e1 en Vallenar<\/h3>\n<p class=\"isSelectedEnd\">El viaje a Santiago representa solo el comienzo. Durante los pr\u00f3ximos meses, los estudiantes continuar\u00e1n trabajando en Vallenar junto a Cecrea para desarrollar las obras y proyectos que surgir\u00e1n de este proceso de exploraci\u00f3n y creaci\u00f3n.<\/p>\n<p class=\"isSelectedEnd\">Los resultados ser\u00e1n posteriormente compartidos con la comunidad local y se contempla adem\u00e1s su presentaci\u00f3n en el Museo Nacional de Bellas Artes, generando un recorrido de ida y vuelta entre Santiago y la Provincia del Huasco.<\/p>\n<p class=\"isSelectedEnd\">As\u00ed, una experiencia que comenz\u00f3 frente a la obra de Roberto Matta continuar\u00e1 en las calles, paisajes, historias y miradas de Vallenar, poniendo en valor la capacidad de los j\u00f3venes para crear, interpretar y resignificar el patrimonio cultural desde su propia realidad.<\/p>\n<p>M\u00e1s que llevar a los estudiantes hasta el Bellas Artes, <strong>\u201cLos Cosmos de Matta\u201d busca abrir una puerta para que regresen a su territorio con nuevas preguntas, herramientas y referentes, y con la posibilidad de contar su propia historia a trav\u00e9s del arte.<\/strong><\/p>\n","protected":false},"excerpt":{"rendered":"<p>La iniciativa \u201cLos Cosmos de Matta\u201d, impulsada por Cecrea Vallenar, permiti\u00f3 a estudiantes del Liceo Polit\u00e9cnico Jos\u00e9 Santos Ossa conocer el Museo Nacional de Bellas&hellip; <\/p>\n","protected":false},"author":5,"featured_media":108261,"comment_status":"closed","ping_status":"closed","sticky":false,"template":"","format":"standard","meta":{"footnotes":""},"categories":[7],"tags":[],"class_list":["post-108260","post","type-post","status-publish","format-standard","has-post-thumbnail","hentry","category-atacama"],"_links":{"self":[{"href":"https:\/\/www.radioamigavallenar.cl\/index.php?rest_route=\/wp\/v2\/posts\/108260","targetHints":{"allow":["GET"]}}],"collection":[{"href":"https:\/\/www.radioamigavallenar.cl\/index.php?rest_route=\/wp\/v2\/posts"}],"about":[{"href":"https:\/\/www.radioamigavallenar.cl\/index.php?rest_route=\/wp\/v2\/types\/post"}],"author":[{"embeddable":true,"href":"https:\/\/www.radioamigavallenar.cl\/index.php?rest_route=\/wp\/v2\/users\/5"}],"replies":[{"embeddable":true,"href":"https:\/\/www.radioamigavallenar.cl\/index.php?rest_route=%2Fwp%2Fv2%2Fcomments&post=108260"}],"version-history":[{"count":1,"href":"https:\/\/www.radioamigavallenar.cl\/index.php?rest_route=\/wp\/v2\/posts\/108260\/revisions"}],"predecessor-version":[{"id":108262,"href":"https:\/\/www.radioamigavallenar.cl\/index.php?rest_route=\/wp\/v2\/posts\/108260\/revisions\/108262"}],"wp:featuredmedia":[{"embeddable":true,"href":"https:\/\/www.radioamigavallenar.cl\/index.php?rest_route=\/wp\/v2\/media\/108261"}],"wp:attachment":[{"href":"https:\/\/www.radioamigavallenar.cl\/index.php?rest_route=%2Fwp%2Fv2%2Fmedia&parent=108260"}],"wp:term":[{"taxonomy":"category","embeddable":true,"href":"https:\/\/www.radioamigavallenar.cl\/index.php?rest_route=%2Fwp%2Fv2%2Fcategories&post=108260"},{"taxonomy":"post_tag","embeddable":true,"href":"https:\/\/www.radioamigavallenar.cl\/index.php?rest_route=%2Fwp%2Fv2%2Ftags&post=108260"}],"curies":[{"name":"wp","href":"https:\/\/api.w.org\/{rel}","templated":true}]}}