{"id":108257,"date":"2026-09-02T11:33:15","date_gmt":"2026-09-02T15:33:15","guid":{"rendered":"https:\/\/www.radioamigavallenar.cl\/?p=108257"},"modified":"2026-09-02T11:33:15","modified_gmt":"2026-09-02T15:33:15","slug":"trabajador-de-cmp-recibe-reconocimiento-de-coresemin-atacama-por-su-liderazgo-en-seguridad","status":"publish","type":"post","link":"https:\/\/www.radioamigavallenar.cl\/?p=108257","title":{"rendered":"Trabajador de CMP recibe reconocimiento de CORESEMIN Atacama por su liderazgo en seguridad"},"content":{"rendered":"<p class=\"isSelectedEnd\">Juan N\u00fa\u00f1ez, supervisor de Automatizaci\u00f3n y Control de Cerro Negro Norte e integrante del Comit\u00e9 Paritario de Higiene y Seguridad, fue distinguido como Trabajador Destacado en Seguridad 2025.<\/p>\n<p class=\"isSelectedEnd\">En el marco de la <strong>XV Versi\u00f3n de la Cena de la Miner\u00eda 2026<\/strong>, organizada por el Comit\u00e9 Regional de Seguridad Minera (CORESEMIN) Atacama, el trabajador de <strong>Compa\u00f1\u00eda Minera del Pac\u00edfico (CMP), Juan N\u00fa\u00f1ez<\/strong>, recibi\u00f3 el reconocimiento <strong>Trabajador Destacado en Seguridad 2025<\/strong>, distinci\u00f3n que busca relevar a quienes han demostrado un compromiso sobresaliente con la prevenci\u00f3n de riesgos y el cuidado de las personas en sus lugares de trabajo.<\/p>\n<p class=\"isSelectedEnd\">N\u00fa\u00f1ez se desempe\u00f1a como supervisor de Automatizaci\u00f3n y Control en <strong>Cerro Negro Norte<\/strong> y es integrante del Comit\u00e9 Paritario de Higiene y Seguridad (CPHS). Su reconocimiento estuvo asociado a su liderazgo preventivo visible en terreno, el cuidado mutuo y su permanente compromiso con el cumplimiento de los est\u00e1ndares de seguridad y salud ocupacional.<\/p>\n<p class=\"isSelectedEnd\">\u201cEstoy muy orgulloso de este reconocimiento, que m\u00e1s que un premio personal, representa el trabajo que realizamos como Comit\u00e9 Paritario por la seguridad de nuestros trabajadores. Es un trabajo colaborativo con el \u00e1rea de Gesti\u00f3n de Riesgos de la compa\u00f1\u00eda y la ACHS, que se articula a trav\u00e9s de la Gesti\u00f3n de Riesgos en los Procesos (GRP), metodolog\u00eda que aplicamos d\u00eda a d\u00eda para identificar, gestionar y prevenir los riesgos a la salud de los trabajadores\u201d, se\u00f1al\u00f3 Juan N\u00fa\u00f1ez.<\/p>\n<p class=\"isSelectedEnd\">Desde CMP destacaron la importancia de este tipo de reconocimientos como una forma de fortalecer una cultura preventiva al interior de las operaciones mineras.<\/p>\n<p class=\"isSelectedEnd\">La gerente de Gesti\u00f3n de Riesgos y Sostenibilidad de CMP, <strong>Paulina Andreoli<\/strong>, se\u00f1al\u00f3 que \u201cen CMP entendemos que la seguridad es parte de la manera en que hacemos miner\u00eda. Nuestro modelo de gesti\u00f3n de riesgos nos permite identificar, controlar y verificar los riesgos, pero tambi\u00e9n aprender y mejorar continuamente\u201d.<\/p>\n<p class=\"isSelectedEnd\">En esa l\u00ednea, agreg\u00f3 que \u201cel reconocimiento de Juan refleja ese compromiso basado en el cuidado mutuo. Avanzar hacia una miner\u00eda diferente tambi\u00e9n significa poner siempre la vida y la integridad de las personas en el centro de nuestras decisiones\u201d.<\/p>\n<h3>Reconocimiento al liderazgo preventivo<\/h3>\n<p class=\"isSelectedEnd\">La distinci\u00f3n es otorgada por <strong>CORESEMIN Atacama<\/strong> luego de un proceso de evaluaci\u00f3n de los candidatos y busca destacar a trabajadores que mantienen un compromiso permanente con la prevenci\u00f3n de riesgos y que, a trav\u00e9s de su ejemplo, contribuyen a fortalecer una cultura de seguridad dentro de la miner\u00eda regional.<\/p>\n<p class=\"isSelectedEnd\">El presidente de CORESEMIN Atacama, <strong>William Henott<\/strong>, destac\u00f3 el sentido de la ceremonia y el aporte que realizan las empresas y sus trabajadores en materia de seguridad.<\/p>\n<p class=\"isSelectedEnd\">\u201cLa importancia que tiene esta ceremonia es poder reconocer a todas las personas y empresas que tienen buenas pr\u00e1cticas de seguridad y salud ocupacional. Uno de los aspectos que destaca a CORESEMIN son las alianzas que se generan entre empresas y la posibilidad de compartir las buenas pr\u00e1cticas y, por eso, la importancia de reconocer a los trabajadores que en cada empresa tienen liderazgo en seguridad e implementan mejoras continuas en las empresas\u201d, sostuvo.<\/p>\n<p class=\"isSelectedEnd\">Para <strong>Compa\u00f1\u00eda Minera del Pac\u00edfico<\/strong>, el reconocimiento obtenido por Juan N\u00fa\u00f1ez reafirma la importancia de continuar fortaleciendo una gesti\u00f3n preventiva que permita anticipar y gestionar los riesgos presentes en sus procesos y faenas.<\/p>\n<p>Desde la compa\u00f1\u00eda se\u00f1alaron que el liderazgo, la participaci\u00f3n de los trabajadores y el cuidado mutuo constituyen pilares fundamentales para avanzar hacia una operaci\u00f3n segura y sostenible, por lo que continuar\u00e1n impulsando acciones orientadas a fortalecer la identificaci\u00f3n oportuna de los riesgos y el rol activo de cada trabajador en el cuidado propio y de sus compa\u00f1eros.<\/p>\n","protected":false},"excerpt":{"rendered":"<p>Juan N\u00fa\u00f1ez, supervisor de Automatizaci\u00f3n y Control de Cerro Negro Norte e integrante del Comit\u00e9 Paritario de Higiene y Seguridad, fue distinguido como Trabajador Destacado&hellip; <\/p>\n","protected":false},"author":5,"featured_media":108258,"comment_status":"closed","ping_status":"closed","sticky":false,"template":"","format":"standard","meta":{"footnotes":""},"categories":[38],"tags":[],"class_list":["post-108257","post","type-post","status-publish","format-standard","has-post-thumbnail","hentry","category-portada-regional"],"_links":{"self":[{"href":"https:\/\/www.radioamigavallenar.cl\/index.php?rest_route=\/wp\/v2\/posts\/108257","targetHints":{"allow":["GET"]}}],"collection":[{"href":"https:\/\/www.radioamigavallenar.cl\/index.php?rest_route=\/wp\/v2\/posts"}],"about":[{"href":"https:\/\/www.radioamigavallenar.cl\/index.php?rest_route=\/wp\/v2\/types\/post"}],"author":[{"embeddable":true,"href":"https:\/\/www.radioamigavallenar.cl\/index.php?rest_route=\/wp\/v2\/users\/5"}],"replies":[{"embeddable":true,"href":"https:\/\/www.radioamigavallenar.cl\/index.php?rest_route=%2Fwp%2Fv2%2Fcomments&post=108257"}],"version-history":[{"count":1,"href":"https:\/\/www.radioamigavallenar.cl\/index.php?rest_route=\/wp\/v2\/posts\/108257\/revisions"}],"predecessor-version":[{"id":108259,"href":"https:\/\/www.radioamigavallenar.cl\/index.php?rest_route=\/wp\/v2\/posts\/108257\/revisions\/108259"}],"wp:featuredmedia":[{"embeddable":true,"href":"https:\/\/www.radioamigavallenar.cl\/index.php?rest_route=\/wp\/v2\/media\/108258"}],"wp:attachment":[{"href":"https:\/\/www.radioamigavallenar.cl\/index.php?rest_route=%2Fwp%2Fv2%2Fmedia&parent=108257"}],"wp:term":[{"taxonomy":"category","embeddable":true,"href":"https:\/\/www.radioamigavallenar.cl\/index.php?rest_route=%2Fwp%2Fv2%2Fcategories&post=108257"},{"taxonomy":"post_tag","embeddable":true,"href":"https:\/\/www.radioamigavallenar.cl\/index.php?rest_route=%2Fwp%2Fv2%2Ftags&post=108257"}],"curies":[{"name":"wp","href":"https:\/\/api.w.org\/{rel}","templated":true}]}}