{"id":108254,"date":"2026-09-02T11:29:34","date_gmt":"2026-09-02T15:29:34","guid":{"rendered":"https:\/\/www.radioamigavallenar.cl\/?p=108254"},"modified":"2026-09-02T11:29:34","modified_gmt":"2026-09-02T15:29:34","slug":"gobierno-en-terreno-reunio-a-la-comunidad-y-dio-inicio-al-mes-de-la-patria-con-tradicional-esquinazo-en-chanaral","status":"publish","type":"post","link":"https:\/\/www.radioamigavallenar.cl\/?p=108254","title":{"rendered":"Gobierno en Terreno reuni\u00f3 a la comunidad y dio inicio al Mes de la Patria con tradicional esquinazo en Cha\u00f1aral"},"content":{"rendered":"<p>&nbsp;<\/p>\n<p><strong><em>La Plaza Ciudadana desarrollada en la Plaza 26 de Octubre acerc\u00f3 los servicios p\u00fablicos a la comunidad y culmin\u00f3 con una jornada marcada por la cueca, las tradiciones y la participaci\u00f3n de agrupaciones folcl\u00f3ricas estudiantes y adultos mayores de la provincia.<\/em><\/strong><\/p>\n<p><strong>Cha\u00f1aral, 1 de septiembre de 2026.-<\/strong> Con una nueva Plaza Ciudadana del programa Gobierno en Terreno, la Delegaci\u00f3n Presidencial Provincial de Cha\u00f1aral reuni\u00f3 a servicios p\u00fablicos, autoridades y vecinos en la Plaza 26 de octubre, en una jornada que permiti\u00f3 acercar la oferta del Estado a la comunidad y que adem\u00e1s dio el vamos al Mes de la Patria con el tradicional esquinazo de Fiestas Patrias.<\/p>\n<p>La actividad cont\u00f3 con el despliegue de diversos servicios p\u00fablicos y con la participaci\u00f3n de la Delegada Presidencial Regional de Atacama, Sof\u00eda Cid Versalovic; el Delegado Presidencial Provincial (s) de Cha\u00f1aral, Fernando Flores Fredes; el alcalde de Cha\u00f1aral, Alex Ahumada Monrroy; integrantes del Concejo Municipal; seremis y directores de servicios, adem\u00e1s de dirigentes sociales, representantes de establecimientos educacionales y vecinos, quienes fueron parte de esta jornada de atenci\u00f3n ciudadana y encuentro con las tradiciones nacionales.<\/p>\n<p>Al mediod\u00eda, las actividades dieron paso al tradicional esquinazo organizado por la Delegaci\u00f3n Presidencial Provincial de Cha\u00f1aral, que contempl\u00f3 el Himno Nacional, baile a la bandera, m\u00fasica y distintas expresiones del folclor nacional, poniendo en valor las tradiciones que forman parte de la identidad de la provincia.<\/p>\n<p>Uno de los momentos de la jornada estuvo protagonizado por el talento local de Martina V\u00e1squez Cort\u00e9s, quien interpret\u00f3 la cueca \u201cCasi Oficial\u201d, sum\u00e1ndose posteriormente la presentaci\u00f3n del Club de Cueca Espuelas Cha\u00f1aralinas, agrupaci\u00f3n reconocida durante la ceremonia por su permanente trabajo para mantener vivo el folclor chileno en la comuna.<\/p>\n<p>La cueca tambi\u00e9n reuni\u00f3 a distintas generaciones de la provincia. siete parejas representantes de diversos establecimientos educacionales, junto a dos parejas representantes de agrupaciones de adultos mayores, salieron a la pista para rendir homenaje a la danza nacional. A ellos se sumaron diversas autoridades, quienes tambi\u00e9n participaron bailando un pie de cueca. La incorporaci\u00f3n de estudiantes y adultos mayores fue parte central del esquinazo, buscando transmitir las tradiciones entre generaciones.<\/p>\n<p>La actividad cont\u00f3 adem\u00e1s con el tradicional brindis de chicha en cacho, s\u00edmbolo de encuentro y de las costumbres propias de las celebraciones nacionales, mientras que entre<\/p>\n<p>&nbsp;<\/p>\n<p>los asistentes se repartieron empanadas para compartir con la comunidad el comienzo de septiembre.<\/p>\n<p>La Delegada Presidencial Regional de Atacama, Sof\u00eda Cid Versalovic, destac\u00f3 la importancia de comenzar el Mes de la Patria desde los territorios y junto a la comunidad:<\/p>\n<p><em>\u201cHoy compartimos junto a la comunidad de Cha\u00f1aral este tradicional esquinazo, dando inicio al Mes de la Patria y bailando nuestro primer pie de cueca de septiembre. Es una instancia que nos permite reencontrarnos con nuestras tradiciones, fortalecer nuestra identidad y vivir estas celebraciones en comunidad. Adem\u00e1s, estamos desplegando Gobierno en Terreno, acercando los servicios p\u00fablicos y escuchando directamente a las personas. Ese es el compromiso del Gobierno del Presidente Jos\u00e9 Antonio Kast: estar presentes en las comunas, trabajar desde el territorio y responder a las necesidades de las familias de Atacama.\u201d<\/em><\/p>\n<p>Por su parte, el Delegado Presidencial Provincial (s) de Cha\u00f1aral, Fernando Flores Fredes, valor\u00f3 la participaci\u00f3n alcanzada durante la jornada:<\/p>\n<p><em>\u201cEstamos muy contentos porque logramos reunir en un mismo espacio el trabajo de nuestros servicios p\u00fablicos y tambi\u00e9n nuestras tradiciones. Tuvimos a estudiantes y adultos mayores bailando nuestra cueca, compartimos empanadas y realizamos nuestro tradicional brindis de chicha en cacho. As\u00ed quisimos comenzar septiembre: junto a nuestros vecinos de la provincia y poniendo en valor las tradiciones de nuestro pa\u00eds.\u201d<\/em><\/p>\n<p>Jennifer Araya Cofr\u00e9, vecina de Cha\u00f1aral y docente de la Escuela Angelina Salas Olivares, valor\u00f3 la realizaci\u00f3n de la jornada y la participaci\u00f3n de los establecimientos educacionales:<\/p>\n<p>\u201cSe agradecen mucho estas instancias de Gobierno en Terreno, porque permiten que los servicios p\u00fablicos se acerquen a la comunidad y que podamos realizar consultas y tr\u00e1mites en un mismo lugar. Adem\u00e1s, fue muy bonito que se complementara con este esquinazo y que se les d\u00e9 la oportunidad a los establecimientos educacionales y a sus estudiantes de participar y ser parte de estas instancias. Ellos se preparan con mucho entusiasmo durante el a\u00f1o y hoy pudieron mostrar a toda la comunidad el trabajo que realizan y compartir junto a otras agrupaciones culturales\u201d.<\/p>\n<p>La jornada finaliz\u00f3 con un llamado a vivir las pr\u00f3ximas celebraciones con responsabilidad y autocuidado, manteniendo el esp\u00edritu de unidad, tradici\u00f3n y encuentro familiar, dando as\u00ed inicio a las actividades del Mes de la Patria en la provincia de Cha\u00f1aral.<\/p>\n","protected":false},"excerpt":{"rendered":"<p>&nbsp; La Plaza Ciudadana desarrollada en la Plaza 26 de Octubre acerc\u00f3 los servicios p\u00fablicos a la comunidad y culmin\u00f3 con una jornada marcada por&hellip; <\/p>\n","protected":false},"author":5,"featured_media":108255,"comment_status":"closed","ping_status":"closed","sticky":false,"template":"","format":"standard","meta":{"footnotes":""},"categories":[38],"tags":[],"class_list":["post-108254","post","type-post","status-publish","format-standard","has-post-thumbnail","hentry","category-portada-regional"],"_links":{"self":[{"href":"https:\/\/www.radioamigavallenar.cl\/index.php?rest_route=\/wp\/v2\/posts\/108254","targetHints":{"allow":["GET"]}}],"collection":[{"href":"https:\/\/www.radioamigavallenar.cl\/index.php?rest_route=\/wp\/v2\/posts"}],"about":[{"href":"https:\/\/www.radioamigavallenar.cl\/index.php?rest_route=\/wp\/v2\/types\/post"}],"author":[{"embeddable":true,"href":"https:\/\/www.radioamigavallenar.cl\/index.php?rest_route=\/wp\/v2\/users\/5"}],"replies":[{"embeddable":true,"href":"https:\/\/www.radioamigavallenar.cl\/index.php?rest_route=%2Fwp%2Fv2%2Fcomments&post=108254"}],"version-history":[{"count":1,"href":"https:\/\/www.radioamigavallenar.cl\/index.php?rest_route=\/wp\/v2\/posts\/108254\/revisions"}],"predecessor-version":[{"id":108256,"href":"https:\/\/www.radioamigavallenar.cl\/index.php?rest_route=\/wp\/v2\/posts\/108254\/revisions\/108256"}],"wp:featuredmedia":[{"embeddable":true,"href":"https:\/\/www.radioamigavallenar.cl\/index.php?rest_route=\/wp\/v2\/media\/108255"}],"wp:attachment":[{"href":"https:\/\/www.radioamigavallenar.cl\/index.php?rest_route=%2Fwp%2Fv2%2Fmedia&parent=108254"}],"wp:term":[{"taxonomy":"category","embeddable":true,"href":"https:\/\/www.radioamigavallenar.cl\/index.php?rest_route=%2Fwp%2Fv2%2Fcategories&post=108254"},{"taxonomy":"post_tag","embeddable":true,"href":"https:\/\/www.radioamigavallenar.cl\/index.php?rest_route=%2Fwp%2Fv2%2Ftags&post=108254"}],"curies":[{"name":"wp","href":"https:\/\/api.w.org\/{rel}","templated":true}]}}