{"id":108251,"date":"2026-09-02T11:24:22","date_gmt":"2026-09-02T15:24:22","guid":{"rendered":"https:\/\/www.radioamigavallenar.cl\/?p=108251"},"modified":"2026-09-02T11:24:22","modified_gmt":"2026-09-02T15:24:22","slug":"ministerio-de-mineria-abre-postulaciones-a-pamma-reactiva-para-pequenos-mineros-de-la-provincia-del-huasco-y-tierra-amarilla","status":"publish","type":"post","link":"https:\/\/www.radioamigavallenar.cl\/?p=108251","title":{"rendered":"Ministerio de Miner\u00eda abre postulaciones a PAMMA Reactiva para peque\u00f1os mineros de la Provincia del Huasco y Tierra Amarilla"},"content":{"rendered":"<div class=\"container fullwidth-entry-title-wrapper\">\n<div class=\"container-wrapper fullwidth-entry-title\">\n<header class=\"entry-header-outer\">\n<div class=\"entry-header\">\n<p class=\"entry-sub-title\">La iniciativa dispone de $100 millones para apoyar a peque\u00f1os mineros afectados por los eventos meteorol\u00f3gicos en la provincia del Huasco y Tierra Amarilla. Cada proyecto podr\u00e1 acceder a un financiamiento de hasta $3 millones.<\/p>\n<\/div>\n<\/header>\n<\/div>\n<\/div>\n<div id=\"content\" class=\"site-content container\">\n<div id=\"main-content-row\" class=\"tie-row main-content-row\">\n<div class=\"main-content tie-col-md-8 tie-col-xs-12\" role=\"main\">\n<article id=\"the-post\" class=\"container-wrapper post-content tie-standard\">\n<div class=\"entry-content entry clearfix\">\n<p lang=\"es-ES\">\u00a0En el marco del Plan Miner\u00eda en Marcha, el Ministerio de Miner\u00eda abri\u00f3 el primer periodo de postulaciones al fondo PAMMA Reactiva, iniciativa destinada a apoyar a peque\u00f1os productores mineros de la Provincia del Huasco y la comuna de Tierra Amarilla, que corresponden a la zona de cat\u00e1strofe decretada por el Presidente Jos\u00e9 Antonio Kast.<\/p>\n<div class=\"code-block code-block-3\">\n<div id=\"sas_99069\"><\/div>\n<\/div>\n<p lang=\"es-ES\">La convocatoria dispone de $100 millones y considera un financiamiento de hasta $3 millones por proyecto, de acuerdo con los requisitos establecidos para este proceso.<\/p>\n<p lang=\"es-ES\">El seremi de Miner\u00eda de Atacama, Jonathan Carmona D\u00edaz, destac\u00f3 que \u201cel Plan Miner\u00eda en Marcha re\u00fane distintas herramientas para acompa\u00f1ar a los peque\u00f1os productores en la recuperaci\u00f3n de sus faenas. PAMMA Reactiva permite financiar combustible y servicios de maquinaria para la recuperaci\u00f3n de caminos afectados en los recientes sistemas frontales. Invitamos a los productores de la Provincia del Huasco y Tierra Amarilla a informarse y postular, porque queremos que estos apoyos lleguen efectivamente a quienes los necesitan y contribuyan a la recuperaci\u00f3n econ\u00f3mica y productiva de la peque\u00f1a miner\u00eda\u201d.<\/p>\n<p lang=\"es-ES\">Esta convocatoria se suma a las distintas medidas contempladas en el Plan Miner\u00eda en Marcha, que articula recursos PAMMA, programas financiados mediante FNDR e instrumentos de BancoEstado y ENAMI. El objetivo es entregar una respuesta integral a las necesidades del sector, abordando tanto la recuperaci\u00f3n de la actividad como las condiciones necesarias para que los peque\u00f1os productores puedan mantener y fortalecer sus operaciones.<\/p>\n<div class=\"code-block code-block-5\">\n<div id=\"sas_99435\"><\/div>\n<\/div>\n<p lang=\"es-ES\">Las postulaciones a PAMMA Reactiva est\u00e1n abiertas desde el 28 de agosto, bajo la modalidad de ventanilla abierta, a trav\u00e9s del formulario disponible en Fondos.gob.cl o en el sitio web del Ministerio de Miner\u00eda.<\/p>\n<\/div>\n<\/article>\n<\/div>\n<\/div>\n<\/div>\n","protected":false},"excerpt":{"rendered":"<p>La iniciativa dispone de $100 millones para apoyar a peque\u00f1os mineros afectados por los eventos meteorol\u00f3gicos en la provincia del Huasco y Tierra Amarilla. Cada&hellip; <\/p>\n","protected":false},"author":5,"featured_media":108252,"comment_status":"closed","ping_status":"closed","sticky":false,"template":"","format":"standard","meta":{"footnotes":""},"categories":[7],"tags":[],"class_list":["post-108251","post","type-post","status-publish","format-standard","has-post-thumbnail","hentry","category-atacama"],"_links":{"self":[{"href":"https:\/\/www.radioamigavallenar.cl\/index.php?rest_route=\/wp\/v2\/posts\/108251","targetHints":{"allow":["GET"]}}],"collection":[{"href":"https:\/\/www.radioamigavallenar.cl\/index.php?rest_route=\/wp\/v2\/posts"}],"about":[{"href":"https:\/\/www.radioamigavallenar.cl\/index.php?rest_route=\/wp\/v2\/types\/post"}],"author":[{"embeddable":true,"href":"https:\/\/www.radioamigavallenar.cl\/index.php?rest_route=\/wp\/v2\/users\/5"}],"replies":[{"embeddable":true,"href":"https:\/\/www.radioamigavallenar.cl\/index.php?rest_route=%2Fwp%2Fv2%2Fcomments&post=108251"}],"version-history":[{"count":1,"href":"https:\/\/www.radioamigavallenar.cl\/index.php?rest_route=\/wp\/v2\/posts\/108251\/revisions"}],"predecessor-version":[{"id":108253,"href":"https:\/\/www.radioamigavallenar.cl\/index.php?rest_route=\/wp\/v2\/posts\/108251\/revisions\/108253"}],"wp:featuredmedia":[{"embeddable":true,"href":"https:\/\/www.radioamigavallenar.cl\/index.php?rest_route=\/wp\/v2\/media\/108252"}],"wp:attachment":[{"href":"https:\/\/www.radioamigavallenar.cl\/index.php?rest_route=%2Fwp%2Fv2%2Fmedia&parent=108251"}],"wp:term":[{"taxonomy":"category","embeddable":true,"href":"https:\/\/www.radioamigavallenar.cl\/index.php?rest_route=%2Fwp%2Fv2%2Fcategories&post=108251"},{"taxonomy":"post_tag","embeddable":true,"href":"https:\/\/www.radioamigavallenar.cl\/index.php?rest_route=%2Fwp%2Fv2%2Ftags&post=108251"}],"curies":[{"name":"wp","href":"https:\/\/api.w.org\/{rel}","templated":true}]}}