{"id":108243,"date":"2026-09-02T11:14:11","date_gmt":"2026-09-02T15:14:11","guid":{"rendered":"https:\/\/www.radioamigavallenar.cl\/?p=108243"},"modified":"2026-09-02T11:42:47","modified_gmt":"2026-09-02T15:42:47","slug":"semana-de-la-construccion-atacama-pone-en-el-centro-el-futuro-de-las-ciudades-y-la-calidad-de-vida-de-la-region","status":"publish","type":"post","link":"https:\/\/www.radioamigavallenar.cl\/?p=108243","title":{"rendered":"Semana de la Construcci\u00f3n Atacama pone en el centro el futuro de las ciudades y la calidad de vida de la regi\u00f3n"},"content":{"rendered":"<div class=\"container fullwidth-entry-title-wrapper\">\n<div class=\"container-wrapper fullwidth-entry-title\">\n<header class=\"entry-header-outer\">\n<div class=\"entry-header\">\n<div class=\"single-post-meta post-meta clearfix\"><\/div>\n<\/div>\n<\/header>\n<\/div>\n<\/div>\n<div id=\"content\" class=\"site-content container\">\n<div id=\"main-content-row\" class=\"tie-row main-content-row\">\n<div class=\"main-content tie-col-md-8 tie-col-xs-12\" role=\"main\">\n<article id=\"the-post\" class=\"container-wrapper post-content tie-standard\">\n<div id=\"share-buttons-top\" class=\"share-buttons share-buttons-top\">\n<div class=\"share-links share-centered icons-only\"><\/div>\n<\/div>\n<div class=\"entry-content entry clearfix\">\n<p align=\"justify\"><strong>La primera de tres jornadas en el Parque Kaukari reuni\u00f3 a la vicepresidenta nacional de la CChC, Helen Martin; al gobernador regional Miguel Vargas; autoridades sectoriales, expertos, acad\u00e9micos, estudiantes y representantes del sector privado. La actividad, desarrollada por la CChC Atacama junto a la Universidad de Atacama, abord\u00f3 los desaf\u00edos de vivienda, infraestructura, planificaci\u00f3n urbana y sostenibilidad.<\/strong><\/p>\n<p align=\"justify\">Con una jornada dedicada a analizar el desarrollo de las ciudades y la calidad de vida de sus habitantes, la XIII Semana de la Construcci\u00f3n Atacama \u201cEl futuro comienza aqu\u00ed\u201d inici\u00f3 su programaci\u00f3n en el Parque Kaukari de Copiap\u00f3.<\/p>\n<p align=\"justify\">La actividad, impulsada por la CChC Atacama en alianza con la Universidad de Atacama, reuni\u00f3 a autoridades, especialistas, representantes del sector privado, acad\u00e9micos y estudiantes, fortaleciendo el v\u00ednculo entre la industria y la academia.<\/p>\n<div class=\"code-block code-block-5\">\n<div id=\"sas_99435\"><\/div>\n<\/div>\n<p align=\"justify\">Hasta Copiap\u00f3 lleg\u00f3 la vicepresidenta nacional de la CChC, Helen Martin, quien particip\u00f3 en la inauguraci\u00f3n y destac\u00f3 el valor del parque como ejemplo de planificaci\u00f3n y colaboraci\u00f3n p\u00fablico-privada.<\/p>\n<p align=\"justify\">\u201cEs una tremenda actividad, en un lugar que representa lo que debieran ser las pol\u00edticas p\u00fablicas, donde hay una visi\u00f3n de largo plazo y una uni\u00f3n p\u00fablico-privada en el desarrollo de este tremendo parque\u201d, se\u00f1al\u00f3 Martin.<\/p>\n<p align=\"justify\">Infraestructura, vivienda y nuevas herramientas para el desarrollo<\/p>\n<p align=\"justify\">Durante la jornada, el gobernador regional Miguel Vargas dio a conocer avances para la creaci\u00f3n de una corporaci\u00f3n p\u00fablico-privada que buscar\u00e1 impulsar proyectos de infraestructura estrat\u00e9gicos para Atacama. La iniciativa ya fue aprobada por el Consejo Regional y actualmente se trabaja en la conformaci\u00f3n de su directorio, con la proyecci\u00f3n de que est\u00e9 operativa durante 2027.<\/p>\n<p align=\"justify\">Vargas tambi\u00e9n destac\u00f3 la necesidad de seguir avanzando en vivienda, espacios p\u00fablicos e infraestructura para construir ciudades m\u00e1s acogedoras y preparadas para los desaf\u00edos clim\u00e1ticos.<\/p>\n<p align=\"justify\">\u201cTenemos que seguir caminando en la construcci\u00f3n de viviendas sociales, tambi\u00e9n en viviendas para la clase media, tenemos que seguir desarrollando proyectos de espacios p\u00fablicos y proyectos de infraestructura p\u00fablica en general\u201d, sostuvo.<\/p>\n<p align=\"justify\">ICVU 2025 pone una alerta sobre Copiap\u00f3 y Vallenar<\/p>\n<p align=\"justify\">Uno de los principales contenidos fue la presentaci\u00f3n regional del \u00cdndice de Calidad de Vida Urbana (ICVU) 2025, a cargo de Arturo Orellana, director del proyecto ICVU y acad\u00e9mico de la Pontificia Universidad Cat\u00f3lica de Chile.<\/p>\n<p align=\"justify\">El estudio, desarrollado junto a la Gerencia de Estudios de la CChC, analiza 99 comunas del pa\u00eds y muestra retrocesos en distintos indicadores para Copiap\u00f3 y Vallenar. En el caso de la capital regional, las principales alertas est\u00e1n relacionadas con conectividad, movilidad y ambiente de negocios.<\/p>\n<p align=\"justify\">\u201cCopiap\u00f3 tambi\u00e9n es preocupante, en el sentido de que es una capital regional que ha retrocedido en algunos indicadores, sobre todo de conectividad y movilidad y ambiente de negocios\u201d, sostuvo Orellana.<\/p>\n<p align=\"justify\">Los resultados llevaron al presidente de la CChC Atacama, Cristian Alzamora, a llamar a transformar el diagn\u00f3stico en acciones concretas.<\/p>\n<p align=\"justify\">\u201cNuestro principal desaf\u00edo es que el tema est\u00e9 puesto en la mesa, que se converse, que se hable y que el mundo p\u00fablico y privado se puedan unir para hacer las inversiones necesarias para lograr nuestro \u00faltimo objetivo, que es mejorar la calidad de vida de la gente atacame\u00f1a\u201d, afirm\u00f3.<\/p>\n<p align=\"justify\">Academia e industria se encuentran en la Semana de la Construcci\u00f3n<\/p>\n<p align=\"justify\">El seremi de Vivienda y Urbanismo, Maximiliano Barrionuevo, destac\u00f3 que existen 47 terrenos disponibles en la regi\u00f3n, aunque advirti\u00f3 que su urbanizaci\u00f3n contin\u00faa siendo una de las principales brechas.<\/p>\n<p align=\"justify\">\u201cUna de las brechas es la urbanizaci\u00f3n de estos terrenos, porque independiente de que la mayor parte sean fiscales, hay que darles factibilidad de luz, agua y alcantarillado, y eso tiene un costo alto. Por eso las alianzas p\u00fablico-privadas son tan importantes\u201d, explic\u00f3.<\/p>\n<p align=\"justify\">El v\u00ednculo con la academia tambi\u00e9n tuvo un rol central. William Cort\u00e9s, director del Departamento de Construcci\u00f3n Civil de la Universidad de Atacama, valor\u00f3 que la alianza con la CChC permita acercar a los estudiantes a la realidad de la industria.<\/p>\n<p align=\"justify\">\u201cPara nosotros es fundamental contar con el respaldo y la colaboraci\u00f3n de la CChC en estas instancias, porque permiten acercar a nuestros estudiantes a la realidad de la industria y generar un v\u00ednculo directo entre la academia y el sector productivo\u201d, se\u00f1al\u00f3.<\/p>\n<p align=\"justify\">La jornada incluy\u00f3 adem\u00e1s el seminario \u201cCompetitividad y Carbono Neutralidad: Desaf\u00edos y Oportunidades para el Sector Construcci\u00f3n\u201d, junto al reconocimiento a diez empresas socias que han avanzado en la gesti\u00f3n de su huella de carbono mediante el programa HuellaChile.<\/p>\n<p align=\"justify\">La Semana de la Construcci\u00f3n continuar\u00e1 con sus pr\u00f3ximas dos jornadas en el Parque Kaukari, abordando infraestructura, desarrollo territorial, identidad y patrimonio, bajo el lema \u201cEl futuro comienza aqu\u00ed\u201d.<\/p>\n<\/div>\n<\/article>\n<\/div>\n<\/div>\n<\/div>\n","protected":false},"excerpt":{"rendered":"<p>La primera de tres jornadas en el Parque Kaukari reuni\u00f3 a la vicepresidenta nacional de la CChC, Helen Martin; al gobernador regional Miguel Vargas; autoridades&hellip; <\/p>\n","protected":false},"author":5,"featured_media":108244,"comment_status":"closed","ping_status":"closed","sticky":false,"template":"","format":"standard","meta":{"footnotes":""},"categories":[7],"tags":[],"class_list":["post-108243","post","type-post","status-publish","format-standard","has-post-thumbnail","hentry","category-atacama"],"_links":{"self":[{"href":"https:\/\/www.radioamigavallenar.cl\/index.php?rest_route=\/wp\/v2\/posts\/108243","targetHints":{"allow":["GET"]}}],"collection":[{"href":"https:\/\/www.radioamigavallenar.cl\/index.php?rest_route=\/wp\/v2\/posts"}],"about":[{"href":"https:\/\/www.radioamigavallenar.cl\/index.php?rest_route=\/wp\/v2\/types\/post"}],"author":[{"embeddable":true,"href":"https:\/\/www.radioamigavallenar.cl\/index.php?rest_route=\/wp\/v2\/users\/5"}],"replies":[{"embeddable":true,"href":"https:\/\/www.radioamigavallenar.cl\/index.php?rest_route=%2Fwp%2Fv2%2Fcomments&post=108243"}],"version-history":[{"count":1,"href":"https:\/\/www.radioamigavallenar.cl\/index.php?rest_route=\/wp\/v2\/posts\/108243\/revisions"}],"predecessor-version":[{"id":108245,"href":"https:\/\/www.radioamigavallenar.cl\/index.php?rest_route=\/wp\/v2\/posts\/108243\/revisions\/108245"}],"wp:featuredmedia":[{"embeddable":true,"href":"https:\/\/www.radioamigavallenar.cl\/index.php?rest_route=\/wp\/v2\/media\/108244"}],"wp:attachment":[{"href":"https:\/\/www.radioamigavallenar.cl\/index.php?rest_route=%2Fwp%2Fv2%2Fmedia&parent=108243"}],"wp:term":[{"taxonomy":"category","embeddable":true,"href":"https:\/\/www.radioamigavallenar.cl\/index.php?rest_route=%2Fwp%2Fv2%2Fcategories&post=108243"},{"taxonomy":"post_tag","embeddable":true,"href":"https:\/\/www.radioamigavallenar.cl\/index.php?rest_route=%2Fwp%2Fv2%2Ftags&post=108243"}],"curies":[{"name":"wp","href":"https:\/\/api.w.org\/{rel}","templated":true}]}}