{"id":108240,"date":"2026-09-02T11:12:17","date_gmt":"2026-09-02T15:12:17","guid":{"rendered":"https:\/\/www.radioamigavallenar.cl\/?p=108240"},"modified":"2026-09-02T11:12:17","modified_gmt":"2026-09-02T15:12:17","slug":"carabineros-detuvo-a-dos-hombres-por-receptacion-de-vehiculo-robado-en-la-ruta-5-norte","status":"publish","type":"post","link":"https:\/\/www.radioamigavallenar.cl\/?p=108240","title":{"rendered":"Carabineros detuvo a dos hombres por receptaci\u00f3n de veh\u00edculo robado en la Ruta 5 Norte"},"content":{"rendered":"<div class=\"container fullwidth-entry-title-wrapper\">\n<div class=\"container-wrapper fullwidth-entry-title\">\n<header class=\"entry-header-outer\">\n<div class=\"entry-header\">\n<h1 class=\"post-title entry-title\"><span style=\"font-size: 15px; font-weight: 400;\">Carabineros de la Tenencia Carreteras Atacama Norte detuvo a dos hombres, de 38 y 43 a\u00f1os, acusados del delito de receptaci\u00f3n de veh\u00edculo motorizado.<\/span><\/h1>\n<\/div>\n<\/header>\n<\/div>\n<\/div>\n<div id=\"content\" class=\"site-content container\">\n<div id=\"main-content-row\" class=\"tie-row main-content-row\">\n<div class=\"main-content tie-col-md-8 tie-col-xs-12\" role=\"main\">\n<article id=\"the-post\" class=\"container-wrapper post-content tie-standard\">\n<div class=\"entry-content entry clearfix\">\n<div class=\"code-block code-block-3\">\n<div id=\"sas_99069\"><\/div>\n<\/div>\n<p>El procedimiento se realiz\u00f3 durante un control preventivo en la Ruta 5 Norte, en direcci\u00f3n sur a norte, donde los funcionarios fiscalizaron una camioneta en la que viajaban ambos sujetos.<\/p>\n<p>Durante la fiscalizaci\u00f3n, el conductor no manten\u00eda licencia de conducir y ninguno de los ocupantes portaba la documentaci\u00f3n del veh\u00edculo. Adem\u00e1s, ambos evidenciaron signos de nerviosismo.<\/p>\n<p>Al revisar el m\u00f3vil, los carabineros detectaron que los n\u00fameros de la patente grabados en los vidrios laterales estaban rayados. Por ello, verificaron el veh\u00edculo mediante su n\u00famero de chasis y establecieron que manten\u00eda un encargo vigente por robo, registrado en la comuna de Coronel.<\/p>\n<div class=\"code-block code-block-5\">\n<div id=\"sas_99435\"><\/div>\n<\/div>\n<p>Los dos ocupantes fueron detenidos y mantienen antecedentes penales.<\/p>\n<p>El procedimiento fue informado al Ministerio P\u00fablico y dispuso que ambos imputados fueran puestos a disposici\u00f3n del Juzgado de Garant\u00eda de Copiap\u00f3 para su respectivo control de detenci\u00f3n.<\/p>\n<\/div>\n<\/article>\n<\/div>\n<\/div>\n<\/div>\n","protected":false},"excerpt":{"rendered":"<p>Carabineros de la Tenencia Carreteras Atacama Norte detuvo a dos hombres, de 38 y 43 a\u00f1os, acusados del delito de receptaci\u00f3n de veh\u00edculo motorizado. El&hellip; <\/p>\n","protected":false},"author":5,"featured_media":108241,"comment_status":"closed","ping_status":"closed","sticky":false,"template":"","format":"standard","meta":{"footnotes":""},"categories":[7],"tags":[],"class_list":["post-108240","post","type-post","status-publish","format-standard","has-post-thumbnail","hentry","category-atacama"],"_links":{"self":[{"href":"https:\/\/www.radioamigavallenar.cl\/index.php?rest_route=\/wp\/v2\/posts\/108240","targetHints":{"allow":["GET"]}}],"collection":[{"href":"https:\/\/www.radioamigavallenar.cl\/index.php?rest_route=\/wp\/v2\/posts"}],"about":[{"href":"https:\/\/www.radioamigavallenar.cl\/index.php?rest_route=\/wp\/v2\/types\/post"}],"author":[{"embeddable":true,"href":"https:\/\/www.radioamigavallenar.cl\/index.php?rest_route=\/wp\/v2\/users\/5"}],"replies":[{"embeddable":true,"href":"https:\/\/www.radioamigavallenar.cl\/index.php?rest_route=%2Fwp%2Fv2%2Fcomments&post=108240"}],"version-history":[{"count":1,"href":"https:\/\/www.radioamigavallenar.cl\/index.php?rest_route=\/wp\/v2\/posts\/108240\/revisions"}],"predecessor-version":[{"id":108242,"href":"https:\/\/www.radioamigavallenar.cl\/index.php?rest_route=\/wp\/v2\/posts\/108240\/revisions\/108242"}],"wp:featuredmedia":[{"embeddable":true,"href":"https:\/\/www.radioamigavallenar.cl\/index.php?rest_route=\/wp\/v2\/media\/108241"}],"wp:attachment":[{"href":"https:\/\/www.radioamigavallenar.cl\/index.php?rest_route=%2Fwp%2Fv2%2Fmedia&parent=108240"}],"wp:term":[{"taxonomy":"category","embeddable":true,"href":"https:\/\/www.radioamigavallenar.cl\/index.php?rest_route=%2Fwp%2Fv2%2Fcategories&post=108240"},{"taxonomy":"post_tag","embeddable":true,"href":"https:\/\/www.radioamigavallenar.cl\/index.php?rest_route=%2Fwp%2Fv2%2Ftags&post=108240"}],"curies":[{"name":"wp","href":"https:\/\/api.w.org\/{rel}","templated":true}]}}