{"id":108237,"date":"2026-09-02T11:10:33","date_gmt":"2026-09-02T15:10:33","guid":{"rendered":"https:\/\/www.radioamigavallenar.cl\/?p=108237"},"modified":"2026-09-02T11:10:33","modified_gmt":"2026-09-02T15:10:33","slug":"municipio-de-vallenar-presenta-oficialmente-su-parrilla-de-actividades-para-septiembre-y-da-el-vamos-a-las-fiestas-patrias","status":"publish","type":"post","link":"https:\/\/www.radioamigavallenar.cl\/?p=108237","title":{"rendered":"Municipio de Vallenar presenta oficialmente su parrilla de actividades para septiembre y da el vamos a las Fiestas Patrias"},"content":{"rendered":"<p>Con una jornada de bienvenida a las Fiestas Patrias realizada este 1 de septiembre en la Plaza de Armas, el municipio de Vallenar dio a conocer oficialmente la programaci\u00f3n que contempla diversas actividades para toda la comunidad durante el mes de septiembre.<\/p>\n<p>Con m\u00fasica, folclore y la participaci\u00f3n de establecimientos educacionales, el Municipio de Vallenar dio el vamos oficial a las celebraciones de Fiestas Patrias con la actividad \u201cBienvenido Septiembre\u201d, desarrollada este martes 1 de septiembre en la Plaza Ambrosio O\u2019Higgins.<\/p>\n<p>La jornada, que se extendi\u00f3 durante la ma\u00f1ana, permiti\u00f3 compartir con la comunidad y presentar parte de la programaci\u00f3n que se desarrollar\u00e1 durante las pr\u00f3ximas semanas, contemplando actividades culturales, tradicionales, familiares y especialmente pensadas para distintos grupos de la comuna.<\/p>\n<p>La parrilla program\u00e1tica contempla desde la Pampilla Inclusiva para Personas Mayores, que se realizar\u00e1 entre el 7 y 11 de septiembre en el Vivero Municipal, hasta el tradicional Tedeum Ecum\u00e9nico, la inauguraci\u00f3n de las ramadas, el Desfile del 18 de Septiembre, el Show Central de Fiestas Patrias y la tradicional Pampilla de Hacienda Buena Esperanza.<\/p>\n<p>Asimismo, se contempla el apoyo municipal a la actividad Servicios de Acci\u00f3n de Gracias por la Patria, el \u201cVallenar se viste de Folclore\u201d, adem\u00e1s de un punto de prensa con autoridades durante la visita a las ramadas.<\/p>\n<p>El alcalde de Vallenar, V\u00edctor Isla Lutz, destac\u00f3 la importancia de generar una programaci\u00f3n que permita a las familias disfrutar y celebrar las tradiciones nacionales en distintos espacios de la comuna.<\/p>\n<p>\u201cQueremos que septiembre se viva en Vallenar, con nuestras tradiciones, con nuestras familias y con toda la comunidad. Hemos preparado una programaci\u00f3n diversa y esperamos que nuestros vecinos y vecinas participen y disfruten de cada una de estas actividades que hemos organizado con mucho cari\u00f1o\u201d, se\u00f1al\u00f3 el alcalde V\u00edctor Isla Lutz.<\/p>\n<p>Desde el municipio hicieron un llamado a la comunidad a mantenerse informada a trav\u00e9s de los canales oficiales y a participar activamente de las distintas actividades programadas para este mes patrio.<\/p>\n<p>&nbsp;<\/p>\n<p>&nbsp;<\/p>\n<p><strong>PROGRAMACI\u00d3N DE ACTIVIDADES<\/strong><\/p>\n<p>1 de septiembre: Bienvenida a las Fiestas Patrias \u2013 Plaza Ambrosio O\u2019Higgins.<\/p>\n<p>7 al 11 de septiembre: Pampilla Inclusiva Vallenarina \u2013 Vivero Municipal.<\/p>\n<p>12 de septiembre: Servicios de Acci\u00f3n de Gracias por la Patria \u2013 Centro Cultural.<\/p>\n<p>Septiembre: Vallenar se viste de Folclore \u2013 Plaza Ambrosio O\u2019Higgins.<\/p>\n<p>16 de septiembre: Tedeum Ecum\u00e9nico \u2013 Parroquia San Ambrosio.<\/p>\n<p>17 de septiembre: Inauguraci\u00f3n de las Ramadas \u2013 Recinto Cuatro Palomas.<\/p>\n<p>18 de septiembre: Acto C\u00edvico y Desfile \u2013 Estadio Municipal Nelson Rojas.<\/p>\n<p>18 y 19 de septiembre: Show Central de Fiestas Patrias \u2013 Recinto Cuatro Palomas.<\/p>\n<p>19 de septiembre: Pampilla Hacienda Buena Esperanza \u2013 Hacienda Buena Esperanza.<\/p>\n","protected":false},"excerpt":{"rendered":"<p>Con una jornada de bienvenida a las Fiestas Patrias realizada este 1 de septiembre en la Plaza de Armas, el municipio de Vallenar dio a&hellip; <\/p>\n","protected":false},"author":5,"featured_media":108238,"comment_status":"closed","ping_status":"closed","sticky":false,"template":"","format":"standard","meta":{"footnotes":""},"categories":[38],"tags":[],"class_list":["post-108237","post","type-post","status-publish","format-standard","has-post-thumbnail","hentry","category-portada-regional"],"_links":{"self":[{"href":"https:\/\/www.radioamigavallenar.cl\/index.php?rest_route=\/wp\/v2\/posts\/108237","targetHints":{"allow":["GET"]}}],"collection":[{"href":"https:\/\/www.radioamigavallenar.cl\/index.php?rest_route=\/wp\/v2\/posts"}],"about":[{"href":"https:\/\/www.radioamigavallenar.cl\/index.php?rest_route=\/wp\/v2\/types\/post"}],"author":[{"embeddable":true,"href":"https:\/\/www.radioamigavallenar.cl\/index.php?rest_route=\/wp\/v2\/users\/5"}],"replies":[{"embeddable":true,"href":"https:\/\/www.radioamigavallenar.cl\/index.php?rest_route=%2Fwp%2Fv2%2Fcomments&post=108237"}],"version-history":[{"count":1,"href":"https:\/\/www.radioamigavallenar.cl\/index.php?rest_route=\/wp\/v2\/posts\/108237\/revisions"}],"predecessor-version":[{"id":108239,"href":"https:\/\/www.radioamigavallenar.cl\/index.php?rest_route=\/wp\/v2\/posts\/108237\/revisions\/108239"}],"wp:featuredmedia":[{"embeddable":true,"href":"https:\/\/www.radioamigavallenar.cl\/index.php?rest_route=\/wp\/v2\/media\/108238"}],"wp:attachment":[{"href":"https:\/\/www.radioamigavallenar.cl\/index.php?rest_route=%2Fwp%2Fv2%2Fmedia&parent=108237"}],"wp:term":[{"taxonomy":"category","embeddable":true,"href":"https:\/\/www.radioamigavallenar.cl\/index.php?rest_route=%2Fwp%2Fv2%2Fcategories&post=108237"},{"taxonomy":"post_tag","embeddable":true,"href":"https:\/\/www.radioamigavallenar.cl\/index.php?rest_route=%2Fwp%2Fv2%2Ftags&post=108237"}],"curies":[{"name":"wp","href":"https:\/\/api.w.org\/{rel}","templated":true}]}}