{"id":108234,"date":"2026-09-02T11:08:05","date_gmt":"2026-09-02T15:08:05","guid":{"rendered":"https:\/\/www.radioamigavallenar.cl\/?p=108234"},"modified":"2026-09-02T11:08:05","modified_gmt":"2026-09-02T15:08:05","slug":"freirina-dio-inicio-al-mes-de-la-patria-con-tradicional-izamiento-del-pabellon-nacional","status":"publish","type":"post","link":"https:\/\/www.radioamigavallenar.cl\/?p=108234","title":{"rendered":"Freirina dio inicio al Mes de la Patria con tradicional izamiento del Pabell\u00f3n Nacional"},"content":{"rendered":"<p style=\"font-weight: 400;\">Con el tradicional izamiento del Pabell\u00f3n Nacional, la comuna de Freirina dio el vamos a las actividades de Fiestas Patrias 2026, en una ceremonia desarrollada en el hist\u00f3rico sector de La Glorieta de la ciudad.<\/p>\n<p style=\"font-weight: 400;\">\n<p style=\"font-weight: 400;\">La actividad fue encabezada por el alcalde Fernando Ruhl P\u00e9rez y cont\u00f3 con la participaci\u00f3n de autoridades comunales, dirigentes sociales, vecinos y vecinas, especialmente de los sectores Jos\u00e9 Santos Ossa y Juan XXIII, comunidades que convergen precisamente en este tradicional punto de encuentro freirinense.<\/p>\n<p style=\"font-weight: 400;\">\n<p style=\"font-weight: 400;\">Uno de los momentos centrales de la jornada fue el izamiento de la Bandera Nacional, acompa\u00f1ado por la entonaci\u00f3n del Himno Nacional. Posteriormente, el alcalde Fernando Ruhl entreg\u00f3 un mensaje a los asistentes con motivo del inicio del mes de la chilenidad, aprovechando el momento para se\u00f1alar que Freirina ser\u00e1 la comuna que dar\u00e1 el vamos al Desierto Florido a nivel regional.<\/p>\n<p style=\"font-weight: 400;\">\n<p style=\"font-weight: 400;\">El encuentro tambi\u00e9n estuvo marcado por el folclor y las expresiones art\u00edsticas locales. Sobre el escenario se presentaron el grupo de baile Entre Puerto y Valle, adem\u00e1s de los j\u00f3venes cultores de la danza nacional Joan Cruz y su hermana Yoleida Cruz., la participaci\u00f3n de las agrupaciones Eclipse de Luna y Sones de Labrar, que fueron parte de una jornada destinada a relevar las tradiciones y el encuentro comunitario.<\/p>\n<p style=\"font-weight: 400;\">\n<p style=\"font-weight: 400;\">La ceremonia culmin\u00f3 con una invitaci\u00f3n a compartir empanadas entre los asistentes, dando as\u00ed inicio a un mes que estar\u00e1 marcado por las celebraciones de Fiestas Patrias en la comuna de Freirina.<\/p>\n","protected":false},"excerpt":{"rendered":"<p>Con el tradicional izamiento del Pabell\u00f3n Nacional, la comuna de Freirina dio el vamos a las actividades de Fiestas Patrias 2026, en una ceremonia desarrollada&hellip; <\/p>\n","protected":false},"author":5,"featured_media":108235,"comment_status":"closed","ping_status":"closed","sticky":false,"template":"","format":"standard","meta":{"footnotes":""},"categories":[38],"tags":[],"class_list":["post-108234","post","type-post","status-publish","format-standard","has-post-thumbnail","hentry","category-portada-regional"],"_links":{"self":[{"href":"https:\/\/www.radioamigavallenar.cl\/index.php?rest_route=\/wp\/v2\/posts\/108234","targetHints":{"allow":["GET"]}}],"collection":[{"href":"https:\/\/www.radioamigavallenar.cl\/index.php?rest_route=\/wp\/v2\/posts"}],"about":[{"href":"https:\/\/www.radioamigavallenar.cl\/index.php?rest_route=\/wp\/v2\/types\/post"}],"author":[{"embeddable":true,"href":"https:\/\/www.radioamigavallenar.cl\/index.php?rest_route=\/wp\/v2\/users\/5"}],"replies":[{"embeddable":true,"href":"https:\/\/www.radioamigavallenar.cl\/index.php?rest_route=%2Fwp%2Fv2%2Fcomments&post=108234"}],"version-history":[{"count":1,"href":"https:\/\/www.radioamigavallenar.cl\/index.php?rest_route=\/wp\/v2\/posts\/108234\/revisions"}],"predecessor-version":[{"id":108236,"href":"https:\/\/www.radioamigavallenar.cl\/index.php?rest_route=\/wp\/v2\/posts\/108234\/revisions\/108236"}],"wp:featuredmedia":[{"embeddable":true,"href":"https:\/\/www.radioamigavallenar.cl\/index.php?rest_route=\/wp\/v2\/media\/108235"}],"wp:attachment":[{"href":"https:\/\/www.radioamigavallenar.cl\/index.php?rest_route=%2Fwp%2Fv2%2Fmedia&parent=108234"}],"wp:term":[{"taxonomy":"category","embeddable":true,"href":"https:\/\/www.radioamigavallenar.cl\/index.php?rest_route=%2Fwp%2Fv2%2Fcategories&post=108234"},{"taxonomy":"post_tag","embeddable":true,"href":"https:\/\/www.radioamigavallenar.cl\/index.php?rest_route=%2Fwp%2Fv2%2Ftags&post=108234"}],"curies":[{"name":"wp","href":"https:\/\/api.w.org\/{rel}","templated":true}]}}