{"id":108231,"date":"2026-09-02T11:05:56","date_gmt":"2026-09-02T15:05:56","guid":{"rendered":"https:\/\/www.radioamigavallenar.cl\/?p=108231"},"modified":"2026-09-02T11:05:56","modified_gmt":"2026-09-02T15:05:56","slug":"seremi-del-medio-ambiente-abre-postulaciones-del-fondo-de-proteccion-ambiental-2027","status":"publish","type":"post","link":"https:\/\/www.radioamigavallenar.cl\/?p=108231","title":{"rendered":"SEREMI del Medio Ambiente abre postulaciones del Fondo de Protecci\u00f3n Ambiental 2027"},"content":{"rendered":"<p>&nbsp;<\/p>\n<p><strong><em>El Programa cumple 30 a\u00f1os y <\/em><\/strong><strong><em>financiar\u00e1 proyectos ciudadanos de $6 millones destinados al cuidado del medioambiente en \u00e1reas como recuperaci\u00f3n de biodiversidad, eficiencia energ\u00e9tica e h\u00eddrica, puntos verdes, gesti\u00f3n de residuos y contaminaci\u00f3n ambiental. <\/em><\/strong><\/p>\n<p>El SEREMI del Medio Ambiente lanz\u00f3 el <strong>Concurso XXX del Fondo de Protecci\u00f3n Ambiental 2027<\/strong>, programa que financia proyectos medioambientales para la ciudadan\u00eda, pueblos ind\u00edgenas y establecimientos educacionales por un monto de $6 millones (por proyecto) a lo largo de todo el pa\u00eds.<\/p>\n<p>Todos los proyectos deben considerar aspectos de educaci\u00f3n ambiental como un pilar transversal, con el objeto que sea la misma organizaci\u00f3n beneficiaria la que contribuya a la generaci\u00f3n de una cultura ambiental en el entorno en que se encuentra inserta.<\/p>\n<p>Por su parte, el En ese \u00e1mbito, la SEREMI del Medio Ambiente, David Olivares hizo un llamado e invit\u00f3 a las organizaciones comunitarias a postular su iniciativas y proyectos al Fondo de Protecci\u00f3n Ambiental, un programa que, por esencia, tiene la misi\u00f3n apoyar a las comunidades en su lucha por mejorar el entorno en que viven y con ello, mejorar su calidad de vida., la cual permanecer\u00e1 abierta hasta el 14 de octubre del presente a\u00f1o.<\/p>\n<p>El Fondo de Protecci\u00f3n Ambiental (FPA) es el primer fondo concursable de car\u00e1cter nacional con el que cuenta el Estado de Chile para apoyar iniciativas ambientales presentadas por la ciudadan\u00eda y este a\u00f1o financi\u00f3 <strong>134 proyectos<\/strong>; adem\u00e1s, desde 1998 a la fecha ha financiado 4<strong>.147 proyectos a nivel nacional con una inversi\u00f3n hist\u00f3rica superior a 24 mil millones de pesos<\/strong>.<\/p>\n<p>Las bases ya se encuentran disponibles en <a href=\"http:\/\/www.fondos.mma.gob.cl\"><strong>www.fondos.mma.gob.cl<\/strong><\/a> \u00a0y las l\u00edneas de postulaci\u00f3n son tres: Iniciativas Ciudadanas (personas jur\u00eddicas, de derecho privado, sin fines de lucro tales como juntas de vecinos, consejos vecinales de desarrollo, centros de padres y madres, centros culturales y art\u00edsticos, organizaciones deportivas, organizaciones juveniles, comunidades agr\u00edcolas y asociaciones gremiales); Iniciativas para Establecimientos Educacionales (centros de padres, madres y de apoderados\/as); e Iniciativas para Pueblos Ind\u00edgenas (concurso dirigido exclusivamente a comunidades y asociaciones ind\u00edgenas, reconocidas por CONADI).<\/p>\n<p>&nbsp;<\/p>\n<p>&nbsp;<\/p>\n","protected":false},"excerpt":{"rendered":"<p>&nbsp; El Programa cumple 30 a\u00f1os y financiar\u00e1 proyectos ciudadanos de $6 millones destinados al cuidado del medioambiente en \u00e1reas como recuperaci\u00f3n de biodiversidad, eficiencia&hellip; <\/p>\n","protected":false},"author":5,"featured_media":108232,"comment_status":"closed","ping_status":"closed","sticky":false,"template":"","format":"standard","meta":{"footnotes":""},"categories":[7],"tags":[],"class_list":["post-108231","post","type-post","status-publish","format-standard","has-post-thumbnail","hentry","category-atacama"],"_links":{"self":[{"href":"https:\/\/www.radioamigavallenar.cl\/index.php?rest_route=\/wp\/v2\/posts\/108231","targetHints":{"allow":["GET"]}}],"collection":[{"href":"https:\/\/www.radioamigavallenar.cl\/index.php?rest_route=\/wp\/v2\/posts"}],"about":[{"href":"https:\/\/www.radioamigavallenar.cl\/index.php?rest_route=\/wp\/v2\/types\/post"}],"author":[{"embeddable":true,"href":"https:\/\/www.radioamigavallenar.cl\/index.php?rest_route=\/wp\/v2\/users\/5"}],"replies":[{"embeddable":true,"href":"https:\/\/www.radioamigavallenar.cl\/index.php?rest_route=%2Fwp%2Fv2%2Fcomments&post=108231"}],"version-history":[{"count":1,"href":"https:\/\/www.radioamigavallenar.cl\/index.php?rest_route=\/wp\/v2\/posts\/108231\/revisions"}],"predecessor-version":[{"id":108233,"href":"https:\/\/www.radioamigavallenar.cl\/index.php?rest_route=\/wp\/v2\/posts\/108231\/revisions\/108233"}],"wp:featuredmedia":[{"embeddable":true,"href":"https:\/\/www.radioamigavallenar.cl\/index.php?rest_route=\/wp\/v2\/media\/108232"}],"wp:attachment":[{"href":"https:\/\/www.radioamigavallenar.cl\/index.php?rest_route=%2Fwp%2Fv2%2Fmedia&parent=108231"}],"wp:term":[{"taxonomy":"category","embeddable":true,"href":"https:\/\/www.radioamigavallenar.cl\/index.php?rest_route=%2Fwp%2Fv2%2Fcategories&post=108231"},{"taxonomy":"post_tag","embeddable":true,"href":"https:\/\/www.radioamigavallenar.cl\/index.php?rest_route=%2Fwp%2Fv2%2Ftags&post=108231"}],"curies":[{"name":"wp","href":"https:\/\/api.w.org\/{rel}","templated":true}]}}