{"id":108227,"date":"2026-09-01T12:43:23","date_gmt":"2026-09-01T16:43:23","guid":{"rendered":"https:\/\/www.radioamigavallenar.cl\/?p=108227"},"modified":"2026-09-01T12:43:23","modified_gmt":"2026-09-01T16:43:23","slug":"marcel-por-caida-del-imacec-dice-que-quiroz-tendra-que-esperar-antes-de-ver-un-punto-de-inflexion","status":"publish","type":"post","link":"https:\/\/www.radioamigavallenar.cl\/?p=108227","title":{"rendered":"Marcel por ca\u00edda del Imacec: dice que Quiroz \u00abtendr\u00e1 que esperar antes de ver un punto de inflexi\u00f3n\u00bb"},"content":{"rendered":"<p>El ministro de Hacienda en el Gobierno de Gabriel Boric, Mario Marcel, abord\u00f3 el\u00a0<strong>resultado del Imacec de julio de 2026, que registr\u00f3 una ca\u00edda de 1,5% en comparaci\u00f3n con igual mes del a\u00f1o anterior.<\/strong>\u00a0En este contexto, indic\u00f3 que Quiroz\u00a0<strong>\u201ctendr\u00e1 que esperar un poco antes de ver un punto de inflexi\u00f3n efectivo\u201d<\/strong>\u00a0en la econom\u00eda.<\/p>\n<p>Este resultado corresponde al \u00cdndice Mensual de Actividad Econ\u00f3mica, indicador elaborado por el Banco Central. Anteriormente,\u00a0<span class=\"destacador destacado\">en junio, la actividad hab\u00eda crecido 2,4%,<\/span>\u00a0luego de cinco meses consecutivos de deterioros desestacionalizados.<\/p>\n<div class=\"lee-tambien-bbcl\">\n<div class=\"lee-tambien-caja\"><\/div>\n<\/div>\n<p>En conversaci\u00f3n con\u00a0Radio Infinita, Marcel calific\u00f3 el actual resultado del Imacec como \u201cmuy negativo, en todas las l\u00edneas\u201d.<\/p>\n<p>Consultado por esta ca\u00edda, luego de que junio 2026 mostrara cifras positivas y que incluso el actual ministro de Hacienda, Jorge Quiroz, lo calificara como un \u201cpunto de inflexi\u00f3n\u201d, Marcel sostuvo que el desempe\u00f1o de junio\u00a0<strong>\u201cno fue espectacular\u201d.<\/strong><\/p>\n<p>Seg\u00fan explic\u00f3, la comparaci\u00f3n se realiz\u00f3 con un junio de 2025 que hab\u00eda registrado un nivel relativamente bajo, por lo que era esperable observar una cifra positiva este a\u00f1o.<\/p>\n<p>\u201cHubo sectores en donde fue relativamente d\u00e9bil. Yo no dir\u00eda que marcaba una gran recuperaci\u00f3n todav\u00eda, y ahora con este dato de julio, por supuesto, uno revisa un poco necesariamente todas esas interpretaciones\u201d, se\u00f1al\u00f3.<\/p>\n<p>En ese contexto, afirm\u00f3 que el ministro Quiroz\u00a0<span class=\"destacador destacado\">\u201ctendr\u00e1 que esperar todav\u00eda un poco m\u00e1s antes de ver un punto de inflexi\u00f3n efectivo\u201d.<\/span><\/p>\n<p>Ante la consulta de si el actual secretario de Estado se habr\u00eda apresurado con sus declaraciones, el exministro respondi\u00f3 que, a su juicio, \u201cse sobreinterpret\u00f3 un dato que tampoco era tan espectacular\u201d.<\/p>\n<p><strong>\u201cPero bueno, estos son gajes del oficio\u201d,<\/strong>\u00a0a\u00f1adi\u00f3.<\/p>\n<h2 style=\"text-align: center;\">El deterioro de las expectativas y el bencinazo<\/h2>\n<p>M\u00e1s all\u00e1 del desempe\u00f1o de la actividad, Marcel tambi\u00e9n abord\u00f3 el deterioro de las expectativas econ\u00f3micas y el impacto que ha tenido el alza de los combustibles.<\/p>\n<p>En este sentido, sostuvo que este episodio\u00a0<span class=\"destacador destacado\">fue un \u201cbalde de agua fr\u00eda\u201d para quienes ten\u00edan la esperanza de que la situaci\u00f3n econ\u00f3mica pudiera mejorar,<\/span>\u00a0considerando que el aumento en los precios tuvo un impacto directo en el bolsillo de las personas.<\/p>\n<p>\u201cEn la formaci\u00f3n de expectativas, normalmente la inflaci\u00f3n pesa m\u00e1s que la actividad o que el empleo, y la manera en que la gente mide psicol\u00f3gicamente la inflaci\u00f3n es a trav\u00e9s de ciertos precios emblem\u00e1ticos.\u00a0<strong>Los combustibles y las gasolinas son uno de esos precios, el n\u00famero 1\u201d,<\/strong> argument\u00f3.<\/p>\n<p>En esa l\u00ednea, sostuvo que \u201cno es sorprendente que haya tenido un impacto tan negativo\u201d y asegur\u00f3 que no se ponder\u00f3 correctamente el efecto que tendr\u00eda el alza de los combustibles.<\/p>\n<p>Seg\u00fan relat\u00f3, inicialmente se plante\u00f3 que \u201ciba a ser un mal trago y que pasar\u00eda r\u00e1pido\u201d,\u00a0<span class=\"destacador destacado\">pero asegur\u00f3 que el impacto sobre las expectativas \u201ces muy fuerte\u201d.<\/span><\/p>\n","protected":false},"excerpt":{"rendered":"<p>El ministro de Hacienda en el Gobierno de Gabriel Boric, Mario Marcel, abord\u00f3 el\u00a0resultado del Imacec de julio de 2026, que registr\u00f3 una ca\u00edda de&hellip; <\/p>\n","protected":false},"author":7,"featured_media":108228,"comment_status":"closed","ping_status":"closed","sticky":false,"template":"","format":"standard","meta":{"footnotes":""},"categories":[37],"tags":[],"class_list":["post-108227","post","type-post","status-publish","format-standard","has-post-thumbnail","hentry","category-nacional"],"_links":{"self":[{"href":"https:\/\/www.radioamigavallenar.cl\/index.php?rest_route=\/wp\/v2\/posts\/108227","targetHints":{"allow":["GET"]}}],"collection":[{"href":"https:\/\/www.radioamigavallenar.cl\/index.php?rest_route=\/wp\/v2\/posts"}],"about":[{"href":"https:\/\/www.radioamigavallenar.cl\/index.php?rest_route=\/wp\/v2\/types\/post"}],"author":[{"embeddable":true,"href":"https:\/\/www.radioamigavallenar.cl\/index.php?rest_route=\/wp\/v2\/users\/7"}],"replies":[{"embeddable":true,"href":"https:\/\/www.radioamigavallenar.cl\/index.php?rest_route=%2Fwp%2Fv2%2Fcomments&post=108227"}],"version-history":[{"count":1,"href":"https:\/\/www.radioamigavallenar.cl\/index.php?rest_route=\/wp\/v2\/posts\/108227\/revisions"}],"predecessor-version":[{"id":108229,"href":"https:\/\/www.radioamigavallenar.cl\/index.php?rest_route=\/wp\/v2\/posts\/108227\/revisions\/108229"}],"wp:featuredmedia":[{"embeddable":true,"href":"https:\/\/www.radioamigavallenar.cl\/index.php?rest_route=\/wp\/v2\/media\/108228"}],"wp:attachment":[{"href":"https:\/\/www.radioamigavallenar.cl\/index.php?rest_route=%2Fwp%2Fv2%2Fmedia&parent=108227"}],"wp:term":[{"taxonomy":"category","embeddable":true,"href":"https:\/\/www.radioamigavallenar.cl\/index.php?rest_route=%2Fwp%2Fv2%2Fcategories&post=108227"},{"taxonomy":"post_tag","embeddable":true,"href":"https:\/\/www.radioamigavallenar.cl\/index.php?rest_route=%2Fwp%2Fv2%2Ftags&post=108227"}],"curies":[{"name":"wp","href":"https:\/\/api.w.org\/{rel}","templated":true}]}}