{"id":108224,"date":"2026-09-01T12:04:29","date_gmt":"2026-09-01T16:04:29","guid":{"rendered":"https:\/\/www.radioamigavallenar.cl\/?p=108224"},"modified":"2026-09-01T12:04:29","modified_gmt":"2026-09-01T16:04:29","slug":"diputados-no-aprueban-investigar-eventual-uso-de-bots-en-procesos-electorales","status":"publish","type":"post","link":"https:\/\/www.radioamigavallenar.cl\/?p=108224","title":{"rendered":"Diputados no aprueban investigar eventual uso de bots en procesos electorales"},"content":{"rendered":"<p>A\u00a0<strong>solo dos votos<\/strong>\u00a0del qu\u00f3rum requerido qued\u00f3 este martes la solicitud para crear una comisi\u00f3n especial investigadora que busca indagar el uso de bots y otras formas de manipulaci\u00f3n digital en procesos electorales y plebiscitarios realizados en Chile desde 2020.<\/p>\n<p>La propuesta, impulsada por el diputado Jos\u00e9 Montalva (PPD), obtuvo 60 votos a favor, 41 en contra y 2 abstenciones,\u00a0<strong>por lo que no logr\u00f3 los 62 respaldos necesarios para constituir la instancia<\/strong>.<\/p>\n<p>Pese al resultado, Montalva adelant\u00f3 que volver\u00e1n a presentar la solicitud para que la C\u00e1mara de Diputadas y Diputados se pronuncie nuevamente sobre la creaci\u00f3n de la comisi\u00f3n.<\/p>\n<p>\u201cEso no obsta para que la presentemos de nuevo y se llame nuevamente a votaci\u00f3n.\u00a0<strong>Vamos a tratar de que sea un d\u00eda en la tarde para que gente hasta nuestra llegue a votar\u201d<\/strong>, sostuvo el parlamentario.<\/p>\n<h2 style=\"text-align: center;\">\u201cGente de nuestro sector no lleg\u00f3 a votar\u201d<\/h2>\n<p>El diputado atribuy\u00f3 parte del resultado a la\u00a0<strong>ausencia de parlamentarios de su propio sector<\/strong>, cuestionando que algunos no concurrieran a la sesi\u00f3n pese a haber respaldado previamente la iniciativa.<\/p>\n<p><strong>\u201cHay gente de nuestro sector que tiene que aprender que no hay que solamente hablar y decir las cosas, sino tambi\u00e9n hay que hacerlas<\/strong>. Y lo principal para hacer las cosas es llegar a la pega, llegar en la ma\u00f1ana\u201d, afirm\u00f3.<\/p>\n<p>En esa l\u00ednea, Montalva recalc\u00f3 que la propuesta qued\u00f3 a solo dos votos de alcanzar el qu\u00f3rum.\u00a0<strong>\u201cPerdimos por dos votos. Gente de nuestro sector no lleg\u00f3 a votar y por eso se perdi\u00f3 esta comisi\u00f3n\u201d<\/strong>, se\u00f1al\u00f3.<\/p>\n<p>El parlamentario tambi\u00e9n destac\u00f3 que la iniciativa concit\u00f3 un respaldo transversal, incluyendo votos favorables de diputados del Partido de la Gente (PDG).<\/p>\n<p>Recordemos que la comisi\u00f3n busca reunir antecedentes sobre el conocimiento, prevenci\u00f3n, detecci\u00f3n y fiscalizaci\u00f3n de los organismos competentes frente al eventual uso de bots, cuentas automatizadas, redes coordinadas de amplificaci\u00f3n, trolls, desinformaci\u00f3n, manipulaci\u00f3n algor\u00edtmica e inteligencia artificial durante\u00a0<strong>procesos electorales y plebiscitarios<\/strong>\u00a0desarrollados en el pa\u00eds desde 2020.<\/p>\n<p>Montalva vincul\u00f3 adem\u00e1s la iniciativa con las acusaciones relacionadas con el denominado \u201ccaso bots\u201d y eventuales v\u00ednculos con el consultor argentino Fernando Cerimedo.<\/p>\n<p>De haberse aprobado,\u00a0<strong>la comisi\u00f3n especial investigadora habr\u00eda contado con un plazo de 60 d\u00edas para desarrollar su trabajo<\/strong>\u00a0y elaborar el informe correspondiente.<\/p>\n","protected":false},"excerpt":{"rendered":"<p>A\u00a0solo dos votos\u00a0del qu\u00f3rum requerido qued\u00f3 este martes la solicitud para crear una comisi\u00f3n especial investigadora que busca indagar el uso de bots y otras&hellip; <\/p>\n","protected":false},"author":7,"featured_media":108225,"comment_status":"closed","ping_status":"closed","sticky":false,"template":"","format":"standard","meta":{"footnotes":""},"categories":[37],"tags":[],"class_list":["post-108224","post","type-post","status-publish","format-standard","has-post-thumbnail","hentry","category-nacional"],"_links":{"self":[{"href":"https:\/\/www.radioamigavallenar.cl\/index.php?rest_route=\/wp\/v2\/posts\/108224","targetHints":{"allow":["GET"]}}],"collection":[{"href":"https:\/\/www.radioamigavallenar.cl\/index.php?rest_route=\/wp\/v2\/posts"}],"about":[{"href":"https:\/\/www.radioamigavallenar.cl\/index.php?rest_route=\/wp\/v2\/types\/post"}],"author":[{"embeddable":true,"href":"https:\/\/www.radioamigavallenar.cl\/index.php?rest_route=\/wp\/v2\/users\/7"}],"replies":[{"embeddable":true,"href":"https:\/\/www.radioamigavallenar.cl\/index.php?rest_route=%2Fwp%2Fv2%2Fcomments&post=108224"}],"version-history":[{"count":1,"href":"https:\/\/www.radioamigavallenar.cl\/index.php?rest_route=\/wp\/v2\/posts\/108224\/revisions"}],"predecessor-version":[{"id":108226,"href":"https:\/\/www.radioamigavallenar.cl\/index.php?rest_route=\/wp\/v2\/posts\/108224\/revisions\/108226"}],"wp:featuredmedia":[{"embeddable":true,"href":"https:\/\/www.radioamigavallenar.cl\/index.php?rest_route=\/wp\/v2\/media\/108225"}],"wp:attachment":[{"href":"https:\/\/www.radioamigavallenar.cl\/index.php?rest_route=%2Fwp%2Fv2%2Fmedia&parent=108224"}],"wp:term":[{"taxonomy":"category","embeddable":true,"href":"https:\/\/www.radioamigavallenar.cl\/index.php?rest_route=%2Fwp%2Fv2%2Fcategories&post=108224"},{"taxonomy":"post_tag","embeddable":true,"href":"https:\/\/www.radioamigavallenar.cl\/index.php?rest_route=%2Fwp%2Fv2%2Ftags&post=108224"}],"curies":[{"name":"wp","href":"https:\/\/api.w.org\/{rel}","templated":true}]}}