{"id":108221,"date":"2026-09-01T10:54:55","date_gmt":"2026-09-01T14:54:55","guid":{"rendered":"https:\/\/www.radioamigavallenar.cl\/?p=108221"},"modified":"2026-09-01T10:54:55","modified_gmt":"2026-09-01T14:54:55","slug":"imacec-cae-15-en-julio-arrastrado-por-la-mineria-el-peor-resultado-en-tres-anos","status":"publish","type":"post","link":"https:\/\/www.radioamigavallenar.cl\/?p=108221","title":{"rendered":"Imacec cae 1,5% en julio arrastrado por la miner\u00eda, el peor resultado en tres a\u00f1os"},"content":{"rendered":"<p>El\u00a0<strong>Banco Central (BC)<\/strong>\u00a0arroj\u00f3 que el<strong>\u00a0\u00cdndice de Mensualidad Actividad Econ\u00f3mica (Imacec)<\/strong>\u00a0correspondiente al mes de<strong>\u00a0julio\u00a0<\/strong>tuvo una<strong>\u00a0ca\u00edda preliminar del 1,5%,<\/strong>\u00a0la m\u00e1s pronunciada en lo que va de 2026 y la peor en tres a\u00f1os.<\/p>\n<p>De acuerdo con el ente emisor, la serie desestacionalizada\u00a0<strong>disminuy\u00f3 1,7% respecto del mes precedente<\/strong>\u00a0<strong>y 2,1% en 12 meses,\u00a0<\/strong>mientras que\u00a0<strong>el Imacec no minero retrocedi\u00f3 0,3%.<\/strong><\/p>\n<p>Seg\u00fan afirm\u00f3 el ente emisor, la ca\u00edda del crecimiento econ\u00f3mico en julio\u00a0<strong>se debi\u00f3 mayormente a un retroceso del 9,3% en la miner\u00eda;<\/strong>\u00a0y, en menor medida, a las \u00e1reas de servicios (-0,7%) y la industria.<\/p>\n<p>En total,\u00a0<strong>la producci\u00f3n de bienes decreci\u00f3 3,2%:<\/strong>\u00a0de esa cifra, la manufactura disminuy\u00f3 3,1%.<\/p>\n<p>Sin embargo,\u00a0<strong>el resto de bienes alcanz\u00f3 un incremento de 3,4% y el comercio tambi\u00e9n se salv\u00f3<\/strong>\u00a0de la ca\u00edda, con +0,7%.<\/p>\n<p><strong>Si bien el pron\u00f3stico econ\u00f3mico para el mes era favorable<\/strong>\u00a0(1,1% de crecimiento se esperaba seg\u00fan la \u00faltima Encuesta de Expectativas Econ\u00f3micas del BC),\u00a0<strong>el panorama se fue reduciendo\u00a0con los datos del INE sobre la producci\u00f3n industrial,<\/strong>\u00a0que cay\u00f3 5,1%.<\/p>\n","protected":false},"excerpt":{"rendered":"<p>El\u00a0Banco Central (BC)\u00a0arroj\u00f3 que el\u00a0\u00cdndice de Mensualidad Actividad Econ\u00f3mica (Imacec)\u00a0correspondiente al mes de\u00a0julio\u00a0tuvo una\u00a0ca\u00edda preliminar del 1,5%,\u00a0la m\u00e1s pronunciada en lo que va de 2026&hellip; <\/p>\n","protected":false},"author":7,"featured_media":108222,"comment_status":"closed","ping_status":"closed","sticky":false,"template":"","format":"standard","meta":{"footnotes":""},"categories":[37],"tags":[],"class_list":["post-108221","post","type-post","status-publish","format-standard","has-post-thumbnail","hentry","category-nacional"],"_links":{"self":[{"href":"https:\/\/www.radioamigavallenar.cl\/index.php?rest_route=\/wp\/v2\/posts\/108221","targetHints":{"allow":["GET"]}}],"collection":[{"href":"https:\/\/www.radioamigavallenar.cl\/index.php?rest_route=\/wp\/v2\/posts"}],"about":[{"href":"https:\/\/www.radioamigavallenar.cl\/index.php?rest_route=\/wp\/v2\/types\/post"}],"author":[{"embeddable":true,"href":"https:\/\/www.radioamigavallenar.cl\/index.php?rest_route=\/wp\/v2\/users\/7"}],"replies":[{"embeddable":true,"href":"https:\/\/www.radioamigavallenar.cl\/index.php?rest_route=%2Fwp%2Fv2%2Fcomments&post=108221"}],"version-history":[{"count":1,"href":"https:\/\/www.radioamigavallenar.cl\/index.php?rest_route=\/wp\/v2\/posts\/108221\/revisions"}],"predecessor-version":[{"id":108223,"href":"https:\/\/www.radioamigavallenar.cl\/index.php?rest_route=\/wp\/v2\/posts\/108221\/revisions\/108223"}],"wp:featuredmedia":[{"embeddable":true,"href":"https:\/\/www.radioamigavallenar.cl\/index.php?rest_route=\/wp\/v2\/media\/108222"}],"wp:attachment":[{"href":"https:\/\/www.radioamigavallenar.cl\/index.php?rest_route=%2Fwp%2Fv2%2Fmedia&parent=108221"}],"wp:term":[{"taxonomy":"category","embeddable":true,"href":"https:\/\/www.radioamigavallenar.cl\/index.php?rest_route=%2Fwp%2Fv2%2Fcategories&post=108221"},{"taxonomy":"post_tag","embeddable":true,"href":"https:\/\/www.radioamigavallenar.cl\/index.php?rest_route=%2Fwp%2Fv2%2Ftags&post=108221"}],"curies":[{"name":"wp","href":"https:\/\/api.w.org\/{rel}","templated":true}]}}