{"id":108211,"date":"2026-09-01T00:01:39","date_gmt":"2026-09-01T04:01:39","guid":{"rendered":"https:\/\/www.radioamigavallenar.cl\/?p=108211"},"modified":"2026-08-31T23:23:49","modified_gmt":"2026-09-01T03:23:49","slug":"huasco-comienza-a-preparar-una-nueva-version-de-rock-del-puerto","status":"publish","type":"post","link":"https:\/\/www.radioamigavallenar.cl\/?p=108211","title":{"rendered":"Huasco comienza a preparar una nueva versi\u00f3n de Rock del Puerto"},"content":{"rendered":"<p>Con miras a lo que ser\u00e1 la V versi\u00f3n de Rock del Puerto, programada para febrero de 2027, se realiz\u00f3 una reuni\u00f3n de coordinaci\u00f3n y trabajo entre el Alcalde Genaro Brice\u00f1o, el Administrador Municipal Alejandro Santana y representantes del equipo organizador, Milenko Varas y Camilo Vega.<\/p>\n<p>Durante el encuentro, el equipo organizador present\u00f3 los principales lineamientos y detalles del proyecto, iniciativa que ser\u00e1 postulada a fondos de cultura y que busca contribuir al financiamiento y realizaci\u00f3n de una nueva versi\u00f3n de este tradicional encuentro musical de nuestra comuna.<\/p>\n<p>Este proyecto, cuenta con el apoyo del Equipo de la Corporaci\u00f3n Cultural Municipal y de Desarrollo Socioambiental de Huasco.<\/p>\n<p>Rock del Puerto se ha convertido en un espacio de encuentro para la comunidad, reuniendo a artistas locales, regionales y nacionales, promoviendo el acceso a la m\u00fasica en vivo, la participaci\u00f3n cultural y la puesta en valor de Huasco como territorio costero.<\/p>\n<p>Desde la Municipalidad de Huasco valoramos estas iniciativas que contribuyen al desarrollo cultural de nuestra comuna y continuaremos apoyando las acciones necesarias para avanzar en la preparaci\u00f3n de este importante evento.<\/p>\n<p>\u00a1Huasco se prepara para vivir nuevamente la m\u00fasica, la cultura, la inclusi\u00f3n y el Rock del Puerto!<\/p>\n","protected":false},"excerpt":{"rendered":"<p>Con miras a lo que ser\u00e1 la V versi\u00f3n de Rock del Puerto, programada para febrero de 2027, se realiz\u00f3 una reuni\u00f3n de coordinaci\u00f3n y&hellip; <\/p>\n","protected":false},"author":7,"featured_media":108212,"comment_status":"closed","ping_status":"closed","sticky":false,"template":"","format":"standard","meta":{"footnotes":""},"categories":[7],"tags":[],"class_list":["post-108211","post","type-post","status-publish","format-standard","has-post-thumbnail","hentry","category-atacama"],"_links":{"self":[{"href":"https:\/\/www.radioamigavallenar.cl\/index.php?rest_route=\/wp\/v2\/posts\/108211","targetHints":{"allow":["GET"]}}],"collection":[{"href":"https:\/\/www.radioamigavallenar.cl\/index.php?rest_route=\/wp\/v2\/posts"}],"about":[{"href":"https:\/\/www.radioamigavallenar.cl\/index.php?rest_route=\/wp\/v2\/types\/post"}],"author":[{"embeddable":true,"href":"https:\/\/www.radioamigavallenar.cl\/index.php?rest_route=\/wp\/v2\/users\/7"}],"replies":[{"embeddable":true,"href":"https:\/\/www.radioamigavallenar.cl\/index.php?rest_route=%2Fwp%2Fv2%2Fcomments&post=108211"}],"version-history":[{"count":1,"href":"https:\/\/www.radioamigavallenar.cl\/index.php?rest_route=\/wp\/v2\/posts\/108211\/revisions"}],"predecessor-version":[{"id":108213,"href":"https:\/\/www.radioamigavallenar.cl\/index.php?rest_route=\/wp\/v2\/posts\/108211\/revisions\/108213"}],"wp:featuredmedia":[{"embeddable":true,"href":"https:\/\/www.radioamigavallenar.cl\/index.php?rest_route=\/wp\/v2\/media\/108212"}],"wp:attachment":[{"href":"https:\/\/www.radioamigavallenar.cl\/index.php?rest_route=%2Fwp%2Fv2%2Fmedia&parent=108211"}],"wp:term":[{"taxonomy":"category","embeddable":true,"href":"https:\/\/www.radioamigavallenar.cl\/index.php?rest_route=%2Fwp%2Fv2%2Fcategories&post=108211"},{"taxonomy":"post_tag","embeddable":true,"href":"https:\/\/www.radioamigavallenar.cl\/index.php?rest_route=%2Fwp%2Fv2%2Ftags&post=108211"}],"curies":[{"name":"wp","href":"https:\/\/api.w.org\/{rel}","templated":true}]}}