{"id":108208,"date":"2026-09-01T00:01:27","date_gmt":"2026-09-01T04:01:27","guid":{"rendered":"https:\/\/www.radioamigavallenar.cl\/?p=108208"},"modified":"2026-08-31T23:21:25","modified_gmt":"2026-09-01T03:21:25","slug":"dideco-visita-la-residencial-suyai-y-conoce-su-labor-social-en-vallenar","status":"publish","type":"post","link":"https:\/\/www.radioamigavallenar.cl\/?p=108208","title":{"rendered":"DIDECO visita la residencial SUYAI y conoce su labor social en Vallenar"},"content":{"rendered":"<p>La residencia Suyai, organizaci\u00f3n local con m\u00e1s de 30 a\u00f1os de trayectoria, trabaja en Vallenar entregando apoyo y acompa\u00f1amiento a personas que enfrentan problem\u00e1ticas asociadas al consumo de alcohol y otras drogas. Actualmente cuenta con diversos programas dirigidos a mujeres, poblaci\u00f3n general y adolescentes, con un equipo de aproximadamente 40 profesionales y t\u00e9cnicos de distintas \u00e1reas.<\/p>\n<p>Su directora, Ana Olmedo, destac\u00f3 que esta labor comenz\u00f3 en 1992 como un voluntariado vinculado a la Iglesia San Jos\u00e9 Obrero y que, con el paso de los a\u00f1os, se transform\u00f3 en una corporaci\u00f3n dedicada a brindar atenci\u00f3n especializada. La fundaci\u00f3n mantiene programas financiados mediante convenios con SENDA, aunque tambi\u00e9n requiere gestionar permanentemente apoyos y aportes para responder a las necesidades de sus beneficiarios.<\/p>\n<p>En este contexto, la organizaci\u00f3n ha generado v\u00ednculos con la Ilustre Municipalidad de Vallenar, instancia en la que la directora de DIDECO, Carolina Armenakis, visit\u00f3 sus dependencias para conocer directamente el trabajo que desarrolla la fundaci\u00f3n y colaborar con algunas de las necesidades de las mujeres, beb\u00e9s y familias que forman parte de sus programas.<\/p>\n","protected":false},"excerpt":{"rendered":"<p>La residencia Suyai, organizaci\u00f3n local con m\u00e1s de 30 a\u00f1os de trayectoria, trabaja en Vallenar entregando apoyo y acompa\u00f1amiento a personas que enfrentan problem\u00e1ticas asociadas&hellip; <\/p>\n","protected":false},"author":7,"featured_media":108209,"comment_status":"closed","ping_status":"closed","sticky":false,"template":"","format":"standard","meta":{"footnotes":""},"categories":[7],"tags":[],"class_list":["post-108208","post","type-post","status-publish","format-standard","has-post-thumbnail","hentry","category-atacama"],"_links":{"self":[{"href":"https:\/\/www.radioamigavallenar.cl\/index.php?rest_route=\/wp\/v2\/posts\/108208","targetHints":{"allow":["GET"]}}],"collection":[{"href":"https:\/\/www.radioamigavallenar.cl\/index.php?rest_route=\/wp\/v2\/posts"}],"about":[{"href":"https:\/\/www.radioamigavallenar.cl\/index.php?rest_route=\/wp\/v2\/types\/post"}],"author":[{"embeddable":true,"href":"https:\/\/www.radioamigavallenar.cl\/index.php?rest_route=\/wp\/v2\/users\/7"}],"replies":[{"embeddable":true,"href":"https:\/\/www.radioamigavallenar.cl\/index.php?rest_route=%2Fwp%2Fv2%2Fcomments&post=108208"}],"version-history":[{"count":1,"href":"https:\/\/www.radioamigavallenar.cl\/index.php?rest_route=\/wp\/v2\/posts\/108208\/revisions"}],"predecessor-version":[{"id":108210,"href":"https:\/\/www.radioamigavallenar.cl\/index.php?rest_route=\/wp\/v2\/posts\/108208\/revisions\/108210"}],"wp:featuredmedia":[{"embeddable":true,"href":"https:\/\/www.radioamigavallenar.cl\/index.php?rest_route=\/wp\/v2\/media\/108209"}],"wp:attachment":[{"href":"https:\/\/www.radioamigavallenar.cl\/index.php?rest_route=%2Fwp%2Fv2%2Fmedia&parent=108208"}],"wp:term":[{"taxonomy":"category","embeddable":true,"href":"https:\/\/www.radioamigavallenar.cl\/index.php?rest_route=%2Fwp%2Fv2%2Fcategories&post=108208"},{"taxonomy":"post_tag","embeddable":true,"href":"https:\/\/www.radioamigavallenar.cl\/index.php?rest_route=%2Fwp%2Fv2%2Ftags&post=108208"}],"curies":[{"name":"wp","href":"https:\/\/api.w.org\/{rel}","templated":true}]}}