{"id":108205,"date":"2026-09-01T00:01:01","date_gmt":"2026-09-01T04:01:01","guid":{"rendered":"https:\/\/www.radioamigavallenar.cl\/?p=108205"},"modified":"2026-08-31T23:18:41","modified_gmt":"2026-09-01T03:18:41","slug":"inia-intihuasi-fortaleciendo-el-manejo-y-reconocimiento-de-plagas-en-los-huertos-de-la-comuna-de-huasco","status":"publish","type":"post","link":"https:\/\/www.radioamigavallenar.cl\/?p=108205","title":{"rendered":"INIA Intihuasi: Fortaleciendo el manejo y reconocimiento de plagas en los huertos de la comuna de Huasco"},"content":{"rendered":"<p>Recientemente se realiz\u00f3 una jornada donde profesionales de INIA Intihuasi desarrollaron el taller \u201cMonitoreo de plagas y reconocimiento de insectos ben\u00e9ficos\u201d, dirigido a agricultores de la comuna de Huasco.<\/p>\n<p>Durante la jornada, agricultores pudieron reconocer distintos insectos mediante la observaci\u00f3n con lupas, adem\u00e1s de participar en un ejercicio pr\u00e1ctico de monitoreo en terreno.<\/p>\n<p>La jornada estuvo orientada a fortalecer los conocimientos y capacidades de los agricultores para identificar, monitorear y manejar de manera preventiva las plagas presentes en sus cultivos.<\/p>\n<p>Una iniciativa que es ejecutada por INIA Intihuasi y financiada por el Gobierno Regional de Atacama, en el marco del Programa AFC de la Regi\u00f3n de Atacama.<\/p>\n","protected":false},"excerpt":{"rendered":"<p>Recientemente se realiz\u00f3 una jornada donde profesionales de INIA Intihuasi desarrollaron el taller \u201cMonitoreo de plagas y reconocimiento de insectos ben\u00e9ficos\u201d, dirigido a agricultores de&hellip; <\/p>\n","protected":false},"author":7,"featured_media":108206,"comment_status":"closed","ping_status":"closed","sticky":false,"template":"","format":"standard","meta":{"footnotes":""},"categories":[7],"tags":[],"class_list":["post-108205","post","type-post","status-publish","format-standard","has-post-thumbnail","hentry","category-atacama"],"_links":{"self":[{"href":"https:\/\/www.radioamigavallenar.cl\/index.php?rest_route=\/wp\/v2\/posts\/108205","targetHints":{"allow":["GET"]}}],"collection":[{"href":"https:\/\/www.radioamigavallenar.cl\/index.php?rest_route=\/wp\/v2\/posts"}],"about":[{"href":"https:\/\/www.radioamigavallenar.cl\/index.php?rest_route=\/wp\/v2\/types\/post"}],"author":[{"embeddable":true,"href":"https:\/\/www.radioamigavallenar.cl\/index.php?rest_route=\/wp\/v2\/users\/7"}],"replies":[{"embeddable":true,"href":"https:\/\/www.radioamigavallenar.cl\/index.php?rest_route=%2Fwp%2Fv2%2Fcomments&post=108205"}],"version-history":[{"count":1,"href":"https:\/\/www.radioamigavallenar.cl\/index.php?rest_route=\/wp\/v2\/posts\/108205\/revisions"}],"predecessor-version":[{"id":108207,"href":"https:\/\/www.radioamigavallenar.cl\/index.php?rest_route=\/wp\/v2\/posts\/108205\/revisions\/108207"}],"wp:featuredmedia":[{"embeddable":true,"href":"https:\/\/www.radioamigavallenar.cl\/index.php?rest_route=\/wp\/v2\/media\/108206"}],"wp:attachment":[{"href":"https:\/\/www.radioamigavallenar.cl\/index.php?rest_route=%2Fwp%2Fv2%2Fmedia&parent=108205"}],"wp:term":[{"taxonomy":"category","embeddable":true,"href":"https:\/\/www.radioamigavallenar.cl\/index.php?rest_route=%2Fwp%2Fv2%2Fcategories&post=108205"},{"taxonomy":"post_tag","embeddable":true,"href":"https:\/\/www.radioamigavallenar.cl\/index.php?rest_route=%2Fwp%2Fv2%2Ftags&post=108205"}],"curies":[{"name":"wp","href":"https:\/\/api.w.org\/{rel}","templated":true}]}}