{"id":108202,"date":"2026-09-01T00:01:13","date_gmt":"2026-09-01T04:01:13","guid":{"rendered":"https:\/\/www.radioamigavallenar.cl\/?p=108202"},"modified":"2026-08-31T23:15:28","modified_gmt":"2026-09-01T03:15:28","slug":"slep-huasco-con-exito-desarrollamos-la-2a-conferencia-de-directores-y-directoras-del-territorio","status":"publish","type":"post","link":"https:\/\/www.radioamigavallenar.cl\/?p=108202","title":{"rendered":"SLEP Huasco : Con \u00e9xito desarrollamos la 2\u00aa Conferencia de Directores y Directoras del territorio"},"content":{"rendered":"<p>Con \u00e9xito desarrollamos la 2\u00aa Conferencia de Directores y Directoras del territorio, liderada por nuestro Director Ejecutivo, Javier Obanos Sandoval, junto a la Unidad de Apoyo T\u00e9cnico Pedag\u00f3gico (UATP).<\/p>\n<p>La jornada se constituy\u00f3 como un espacio de encuentro, an\u00e1lisis y reflexi\u00f3n sobre el trabajo que se est\u00e1 desarrollando en las comunidades educativas, permitiendo revisar avances, compartir experiencias y abordar los principales desaf\u00edos que enfrenta la educaci\u00f3n p\u00fablica del territorio.<\/p>\n<p>La conferencia permiti\u00f3 conocer con mayor profundidad, en la voz del director ejecutivo , los indicadores y metas comprometidas en el actual Plan Estrat\u00e9gico Local del SLEP Huasco, cuyo horizonte de mejoramiento comprende desde el a\u00f1o 2026 hasta el a\u00f1o 2031; y a la vez, con miras a la elaboraci\u00f3n del Plan Anual del a\u00f1o 2027 (PAL), consultar a los equipos directivos y t\u00e9cnicos de liceos, escuelas y jardines presentes, estrategias que se recomiendan para concretar en los establecimientos los compromisos establecidos en la Estrategia Nacional de Educaci\u00f3n P\u00fablica (ENEP) y en el Plan estrat\u00e9gico (PEL) del Servicio, con el apoyo, por cierto, de las distintas unidades del Servicio.<\/p>\n<p>Estos espacios de di\u00e1logo y colaboraci\u00f3n permiten fortalecer el liderazgo educativo y seguir construyendo, junto a los equipos directivos, una visi\u00f3n com\u00fan para la educaci\u00f3n p\u00fablica de Alto del Carmen, Vallenar, Freirina y Huasco.<\/p>\n","protected":false},"excerpt":{"rendered":"<p>Con \u00e9xito desarrollamos la 2\u00aa Conferencia de Directores y Directoras del territorio, liderada por nuestro Director Ejecutivo, Javier Obanos Sandoval, junto a la Unidad de&hellip; <\/p>\n","protected":false},"author":7,"featured_media":108203,"comment_status":"closed","ping_status":"closed","sticky":false,"template":"","format":"standard","meta":{"footnotes":""},"categories":[7],"tags":[],"class_list":["post-108202","post","type-post","status-publish","format-standard","has-post-thumbnail","hentry","category-atacama"],"_links":{"self":[{"href":"https:\/\/www.radioamigavallenar.cl\/index.php?rest_route=\/wp\/v2\/posts\/108202","targetHints":{"allow":["GET"]}}],"collection":[{"href":"https:\/\/www.radioamigavallenar.cl\/index.php?rest_route=\/wp\/v2\/posts"}],"about":[{"href":"https:\/\/www.radioamigavallenar.cl\/index.php?rest_route=\/wp\/v2\/types\/post"}],"author":[{"embeddable":true,"href":"https:\/\/www.radioamigavallenar.cl\/index.php?rest_route=\/wp\/v2\/users\/7"}],"replies":[{"embeddable":true,"href":"https:\/\/www.radioamigavallenar.cl\/index.php?rest_route=%2Fwp%2Fv2%2Fcomments&post=108202"}],"version-history":[{"count":1,"href":"https:\/\/www.radioamigavallenar.cl\/index.php?rest_route=\/wp\/v2\/posts\/108202\/revisions"}],"predecessor-version":[{"id":108204,"href":"https:\/\/www.radioamigavallenar.cl\/index.php?rest_route=\/wp\/v2\/posts\/108202\/revisions\/108204"}],"wp:featuredmedia":[{"embeddable":true,"href":"https:\/\/www.radioamigavallenar.cl\/index.php?rest_route=\/wp\/v2\/media\/108203"}],"wp:attachment":[{"href":"https:\/\/www.radioamigavallenar.cl\/index.php?rest_route=%2Fwp%2Fv2%2Fmedia&parent=108202"}],"wp:term":[{"taxonomy":"category","embeddable":true,"href":"https:\/\/www.radioamigavallenar.cl\/index.php?rest_route=%2Fwp%2Fv2%2Fcategories&post=108202"},{"taxonomy":"post_tag","embeddable":true,"href":"https:\/\/www.radioamigavallenar.cl\/index.php?rest_route=%2Fwp%2Fv2%2Ftags&post=108202"}],"curies":[{"name":"wp","href":"https:\/\/api.w.org\/{rel}","templated":true}]}}