{"id":108199,"date":"2026-09-01T00:01:28","date_gmt":"2026-09-01T04:01:28","guid":{"rendered":"https:\/\/www.radioamigavallenar.cl\/?p=108199"},"modified":"2026-09-01T00:13:40","modified_gmt":"2026-09-01T04:13:40","slug":"liceo-bicentenario-ramon-freire-recibe-a-estudiantes-para-conocer-sus-alternativas-de-formacion","status":"publish","type":"post","link":"https:\/\/www.radioamigavallenar.cl\/?p=108199","title":{"rendered":"Liceo Bicentenario Ram\u00f3n Freire, recibe a estudiantes para conocer sus alternativas de formaci\u00f3n"},"content":{"rendered":"<p>La comunidad educativa del Liceo Bicentenario Ram\u00f3n Freire recibi\u00f3 a estudiantes de 8\u00b0 b\u00e1sico de las comunas de Freirina y Huasco, quienes tuvieron la oportunidad de conocer de cerca el establecimiento, recorrer sus espacios y acercarse a las distintas alternativas que ofrece para continuar su trayectoria educativa.<\/p>\n<p>Durante la jornada, estudiantes del establecimiento asumieron el rol de embajadores, acompa\u00f1ando a los visitantes, compartiendo sus propias experiencias y mostrando distintos espacios de la comunidad educativa.<\/p>\n<p>La visita tambi\u00e9n permiti\u00f3 conocer las alternativas formativas\u00a0disponibles, entre ellas Cient\u00edfico Humanista, Montaje Industrial y Agropecuaria, a trav\u00e9s de actividades pr\u00e1cticas, did\u00e1cticas y participativas que buscaban despertar intereses y entregar nuevas herramientas para que las y los j\u00f3venes comiencen a pensar en sus pr\u00f3ximos pasos.<\/p>\n<p>Una experiencia de encuentro\u00a0y orientaci\u00f3n que permiti\u00f3 acercar a los estudiantes a nuevas posibilidades, conocer otras formas de aprender y comenzar a proyectar su futuro con m\u00e1s informaci\u00f3n y nuevas perspectivas.<\/p>\n","protected":false},"excerpt":{"rendered":"<p>La comunidad educativa del Liceo Bicentenario Ram\u00f3n Freire recibi\u00f3 a estudiantes de 8\u00b0 b\u00e1sico de las comunas de Freirina y Huasco, quienes tuvieron la oportunidad&hellip; <\/p>\n","protected":false},"author":7,"featured_media":108200,"comment_status":"closed","ping_status":"closed","sticky":false,"template":"","format":"standard","meta":{"footnotes":""},"categories":[7],"tags":[],"class_list":["post-108199","post","type-post","status-publish","format-standard","has-post-thumbnail","hentry","category-atacama"],"_links":{"self":[{"href":"https:\/\/www.radioamigavallenar.cl\/index.php?rest_route=\/wp\/v2\/posts\/108199","targetHints":{"allow":["GET"]}}],"collection":[{"href":"https:\/\/www.radioamigavallenar.cl\/index.php?rest_route=\/wp\/v2\/posts"}],"about":[{"href":"https:\/\/www.radioamigavallenar.cl\/index.php?rest_route=\/wp\/v2\/types\/post"}],"author":[{"embeddable":true,"href":"https:\/\/www.radioamigavallenar.cl\/index.php?rest_route=\/wp\/v2\/users\/7"}],"replies":[{"embeddable":true,"href":"https:\/\/www.radioamigavallenar.cl\/index.php?rest_route=%2Fwp%2Fv2%2Fcomments&post=108199"}],"version-history":[{"count":1,"href":"https:\/\/www.radioamigavallenar.cl\/index.php?rest_route=\/wp\/v2\/posts\/108199\/revisions"}],"predecessor-version":[{"id":108201,"href":"https:\/\/www.radioamigavallenar.cl\/index.php?rest_route=\/wp\/v2\/posts\/108199\/revisions\/108201"}],"wp:featuredmedia":[{"embeddable":true,"href":"https:\/\/www.radioamigavallenar.cl\/index.php?rest_route=\/wp\/v2\/media\/108200"}],"wp:attachment":[{"href":"https:\/\/www.radioamigavallenar.cl\/index.php?rest_route=%2Fwp%2Fv2%2Fmedia&parent=108199"}],"wp:term":[{"taxonomy":"category","embeddable":true,"href":"https:\/\/www.radioamigavallenar.cl\/index.php?rest_route=%2Fwp%2Fv2%2Fcategories&post=108199"},{"taxonomy":"post_tag","embeddable":true,"href":"https:\/\/www.radioamigavallenar.cl\/index.php?rest_route=%2Fwp%2Fv2%2Ftags&post=108199"}],"curies":[{"name":"wp","href":"https:\/\/api.w.org\/{rel}","templated":true}]}}