{"id":108196,"date":"2026-09-01T00:01:50","date_gmt":"2026-09-01T04:01:50","guid":{"rendered":"https:\/\/www.radioamigavallenar.cl\/?p=108196"},"modified":"2026-09-01T00:13:47","modified_gmt":"2026-09-01T04:13:47","slug":"servicio-de-salud-atacama-desarrollo-en-vallenar-la-capacitacion-formacion-de-gestoras-comunitarias-para-el-abordaje-de-las-violencias-de-genero","status":"publish","type":"post","link":"https:\/\/www.radioamigavallenar.cl\/?p=108196","title":{"rendered":"Servicio de Salud Atacama, desarroll\u00f3 en Vallenar la capacitaci\u00f3n \u201cFormaci\u00f3n de Gestoras Comunitarias para el Abordaje de las Violencias de G\u00e9nero"},"content":{"rendered":"<p>Durante dos jornadas, la SEREMI de Salud de Atacama, en conjunto con el Servicio de Salud Atacama, desarroll\u00f3 en Vallenar la capacitaci\u00f3n \u201cFormaci\u00f3n de Gestoras Comunitarias para el Abordaje de las Violencias de G\u00e9nero\u201d.<\/p>\n<p>La actividad cont\u00f3 con la participaci\u00f3n de 15 mujeres l\u00edderes territoriales, quienes fortalecieron sus conocimientos y herramientas para la prevenci\u00f3n, detecci\u00f3n temprana, orientaci\u00f3n y derivaci\u00f3n frente a situaciones de violencia, adem\u00e1s de potenciar las redes comunitarias de protecci\u00f3n.<\/p>\n<p>La jornada fue desarrollada colaborativamente por las referentes t\u00e9cnicas de G\u00e9nero de ambas instituciones, promoviendo el trabajo territorial y comunitario para avanzar en la prevenci\u00f3n y abordaje de las violencias.<br \/>\nPrevenir las violencias es una tarea que nos involucra como sociedad. Desde la salud p\u00fablica, seguimos contribuyendo a construir comunidades m\u00e1s seguras, informadas y libres de violencia.<\/p>\n","protected":false},"excerpt":{"rendered":"<p>Durante dos jornadas, la SEREMI de Salud de Atacama, en conjunto con el Servicio de Salud Atacama, desarroll\u00f3 en Vallenar la capacitaci\u00f3n \u201cFormaci\u00f3n de Gestoras&hellip; <\/p>\n","protected":false},"author":7,"featured_media":108197,"comment_status":"closed","ping_status":"closed","sticky":false,"template":"","format":"standard","meta":{"footnotes":""},"categories":[7],"tags":[],"class_list":["post-108196","post","type-post","status-publish","format-standard","has-post-thumbnail","hentry","category-atacama"],"_links":{"self":[{"href":"https:\/\/www.radioamigavallenar.cl\/index.php?rest_route=\/wp\/v2\/posts\/108196","targetHints":{"allow":["GET"]}}],"collection":[{"href":"https:\/\/www.radioamigavallenar.cl\/index.php?rest_route=\/wp\/v2\/posts"}],"about":[{"href":"https:\/\/www.radioamigavallenar.cl\/index.php?rest_route=\/wp\/v2\/types\/post"}],"author":[{"embeddable":true,"href":"https:\/\/www.radioamigavallenar.cl\/index.php?rest_route=\/wp\/v2\/users\/7"}],"replies":[{"embeddable":true,"href":"https:\/\/www.radioamigavallenar.cl\/index.php?rest_route=%2Fwp%2Fv2%2Fcomments&post=108196"}],"version-history":[{"count":1,"href":"https:\/\/www.radioamigavallenar.cl\/index.php?rest_route=\/wp\/v2\/posts\/108196\/revisions"}],"predecessor-version":[{"id":108198,"href":"https:\/\/www.radioamigavallenar.cl\/index.php?rest_route=\/wp\/v2\/posts\/108196\/revisions\/108198"}],"wp:featuredmedia":[{"embeddable":true,"href":"https:\/\/www.radioamigavallenar.cl\/index.php?rest_route=\/wp\/v2\/media\/108197"}],"wp:attachment":[{"href":"https:\/\/www.radioamigavallenar.cl\/index.php?rest_route=%2Fwp%2Fv2%2Fmedia&parent=108196"}],"wp:term":[{"taxonomy":"category","embeddable":true,"href":"https:\/\/www.radioamigavallenar.cl\/index.php?rest_route=%2Fwp%2Fv2%2Fcategories&post=108196"},{"taxonomy":"post_tag","embeddable":true,"href":"https:\/\/www.radioamigavallenar.cl\/index.php?rest_route=%2Fwp%2Fv2%2Ftags&post=108196"}],"curies":[{"name":"wp","href":"https:\/\/api.w.org\/{rel}","templated":true}]}}