{"id":108193,"date":"2026-09-01T00:01:54","date_gmt":"2026-09-01T04:01:54","guid":{"rendered":"https:\/\/www.radioamigavallenar.cl\/?p=108193"},"modified":"2026-09-01T00:12:58","modified_gmt":"2026-09-01T04:12:58","slug":"carabineros-realiza-visita-tecnica-a-retenes-de-domeyko-san-felix-y-rozas-bugueno","status":"publish","type":"post","link":"https:\/\/www.radioamigavallenar.cl\/?p=108193","title":{"rendered":"Carabineros realiza visita t\u00e9cnica a retenes de Domeyko, San F\u00e9lix y Rozas Bugue\u00f1o"},"content":{"rendered":"<p data-id=\"M4Mx3f\" data-pm-slice=\"1 1 []\">La Secci\u00f3n Regional de Derechos Humanos y Protecci\u00f3n de la Familia de Carabineros de Atacama realiz\u00f3 una visita t\u00e9cnica a dependencias policiales de la Provincia del Huasco, con el objetivo de constatar las condiciones de los espacios destinados a la privaci\u00f3n de libertad y el cumplimiento de la normativa relacionada con derechos humanos.<\/p>\n<p data-id=\"424mCf\">La revisi\u00f3n se efectu\u00f3 en los retenes de Domeyko, San F\u00e9lix y Rozas Bugue\u00f1o, unidades dependientes de la 3\u00aa Comisar\u00eda de Vallenar.<\/p>\n<p data-id=\"ZbLSzw\">De acuerdo con lo informado por la instituci\u00f3n, durante la visita se verific\u00f3 junto a los funcionarios el estado de estos espacios y aspectos relacionados con la aplicaci\u00f3n de la normativa de derechos humanos en los procedimientos policiales.<\/p>\n<p data-id=\"7nzEGK\">La actividad forma parte de las labores t\u00e9cnicas de supervisi\u00f3n que desarrolla la Secci\u00f3n Regional de Derechos Humanos y Protecci\u00f3n de la Familia, orientadas a revisar las condiciones de las unidades policiales y el cumplimiento de los est\u00e1ndares establecidos para las personas privadas de libertad.<\/p>\n","protected":false},"excerpt":{"rendered":"<p>La Secci\u00f3n Regional de Derechos Humanos y Protecci\u00f3n de la Familia de Carabineros de Atacama realiz\u00f3 una visita t\u00e9cnica a dependencias policiales de la Provincia&hellip; <\/p>\n","protected":false},"author":7,"featured_media":108194,"comment_status":"closed","ping_status":"closed","sticky":false,"template":"","format":"standard","meta":{"footnotes":""},"categories":[7],"tags":[],"class_list":["post-108193","post","type-post","status-publish","format-standard","has-post-thumbnail","hentry","category-atacama"],"_links":{"self":[{"href":"https:\/\/www.radioamigavallenar.cl\/index.php?rest_route=\/wp\/v2\/posts\/108193","targetHints":{"allow":["GET"]}}],"collection":[{"href":"https:\/\/www.radioamigavallenar.cl\/index.php?rest_route=\/wp\/v2\/posts"}],"about":[{"href":"https:\/\/www.radioamigavallenar.cl\/index.php?rest_route=\/wp\/v2\/types\/post"}],"author":[{"embeddable":true,"href":"https:\/\/www.radioamigavallenar.cl\/index.php?rest_route=\/wp\/v2\/users\/7"}],"replies":[{"embeddable":true,"href":"https:\/\/www.radioamigavallenar.cl\/index.php?rest_route=%2Fwp%2Fv2%2Fcomments&post=108193"}],"version-history":[{"count":1,"href":"https:\/\/www.radioamigavallenar.cl\/index.php?rest_route=\/wp\/v2\/posts\/108193\/revisions"}],"predecessor-version":[{"id":108195,"href":"https:\/\/www.radioamigavallenar.cl\/index.php?rest_route=\/wp\/v2\/posts\/108193\/revisions\/108195"}],"wp:featuredmedia":[{"embeddable":true,"href":"https:\/\/www.radioamigavallenar.cl\/index.php?rest_route=\/wp\/v2\/media\/108194"}],"wp:attachment":[{"href":"https:\/\/www.radioamigavallenar.cl\/index.php?rest_route=%2Fwp%2Fv2%2Fmedia&parent=108193"}],"wp:term":[{"taxonomy":"category","embeddable":true,"href":"https:\/\/www.radioamigavallenar.cl\/index.php?rest_route=%2Fwp%2Fv2%2Fcategories&post=108193"},{"taxonomy":"post_tag","embeddable":true,"href":"https:\/\/www.radioamigavallenar.cl\/index.php?rest_route=%2Fwp%2Fv2%2Ftags&post=108193"}],"curies":[{"name":"wp","href":"https:\/\/api.w.org\/{rel}","templated":true}]}}