{"id":108190,"date":"2026-09-01T00:00:15","date_gmt":"2026-09-01T04:00:15","guid":{"rendered":"https:\/\/www.radioamigavallenar.cl\/?p=108190"},"modified":"2026-08-31T22:58:51","modified_gmt":"2026-09-01T02:58:51","slug":"senadora-yasna-provoste-solicito-al-gobierno-urgencia-en-las-ayudas-para-recuperar-la-actividad-de-la-pequena-mineria-en-atacama","status":"publish","type":"post","link":"https:\/\/www.radioamigavallenar.cl\/?p=108190","title":{"rendered":"Senadora Yasna Provoste solicit\u00f3 al Gobierno urgencia en las ayudas para recuperar la actividad de la peque\u00f1a miner\u00eda en Atacama"},"content":{"rendered":"<p data-id=\"5CvAX4\" data-pm-slice=\"1 1 []\">Con miras a reactivar econ\u00f3micamente la regi\u00f3n de Atacama, la senadora Yasna Provoste, en su calidad de presidenta de la Comisi\u00f3n de Miner\u00eda y Energ\u00eda, se reuni\u00f3 con el ministro de Miner\u00eda y Energ\u00eda para recoger antecedentes que permitan perfeccionar el proyecto de amparo minero, con un respaldo n\u00edtido y concreto a la peque\u00f1a miner\u00eda y la miner\u00eda artesanal.<\/p>\n<p data-id=\"Bcy0qG\">\u00abComo Comisi\u00f3n, siempre vamos a trabajar del lado de la peque\u00f1a miner\u00eda. Lo importante es que el proyecto incorpore los cambios adecuados para que realmente responda a sus necesidades, y eso lo vamos a seguir revisando con todos los integrantes\u00bb, afirm\u00f3 la parlamentaria, quien enfatiz\u00f3 que las ayudas comprometidas deben ser efectivas y llegar a quienes las necesitan.<\/p>\n<p data-id=\"U6087U\">La senadora tambi\u00e9n plante\u00f3 la necesidad de asegurar recursos para la conservaci\u00f3n de caminos mineros en la partida de Miner\u00eda del Presupuesto 2027, como condici\u00f3n b\u00e1sica para que la peque\u00f1a miner\u00eda pueda seguir operando.<\/p>\n<p data-id=\"AOHzH0\">\u00abEs fundamental mejorar los caminos, la infraestructura vial y la calidad del agua para reconstruir Atacama tras la emergencia clim\u00e1tica\u00bb, sostuvo Provoste, quien insisti\u00f3 en que la reconstrucci\u00f3n de la regi\u00f3n requiere potenciar la inversi\u00f3n p\u00fablica y fortalecer el di\u00e1logo p\u00fablico-privado.<\/p>\n<p data-id=\"h3TzUK\">La legisladora fue enf\u00e1tica al se\u00f1alar que persisten nudos cr\u00edticos de gesti\u00f3n: \u00abLa sensaci\u00f3n que nos queda es que en Miner\u00eda y Enami se necesita m\u00e1s transparencia. Los peque\u00f1os mineros quieren claridad y que las cosas cambien\u00bb, puntualiz\u00f3 la representante nortina, quien adem\u00e1s llam\u00f3 a revisar la iniciativa en materia de patentes mineras y a dar se\u00f1ales concretas de apoyo al sector.<\/p>\n<p style=\"text-align: center;\" data-id=\"B3638K\"><strong>Pesca artesanal<\/strong><\/p>\n<p data-id=\"7Z2uf2\">En materia de pesca artesanal, la senadora Provoste solicit\u00f3 avanzar en reducir la permisolog\u00eda que enfrentan los pescadores de menor escala para ejercer su oficio.<\/p>\n<p data-id=\"KIuMrW\">\u00abLos pescadores de las caletas de la regi\u00f3n de Atacama est\u00e1n organizados y necesitan que el gobierno acelere los planes de reconstrucci\u00f3n comprometidos\u00bb, concluy\u00f3.<\/p>\n","protected":false},"excerpt":{"rendered":"<p>Con miras a reactivar econ\u00f3micamente la regi\u00f3n de Atacama, la senadora Yasna Provoste, en su calidad de presidenta de la Comisi\u00f3n de Miner\u00eda y Energ\u00eda,&hellip; <\/p>\n","protected":false},"author":7,"featured_media":108191,"comment_status":"closed","ping_status":"closed","sticky":false,"template":"","format":"standard","meta":{"footnotes":""},"categories":[7],"tags":[],"class_list":["post-108190","post","type-post","status-publish","format-standard","has-post-thumbnail","hentry","category-atacama"],"_links":{"self":[{"href":"https:\/\/www.radioamigavallenar.cl\/index.php?rest_route=\/wp\/v2\/posts\/108190","targetHints":{"allow":["GET"]}}],"collection":[{"href":"https:\/\/www.radioamigavallenar.cl\/index.php?rest_route=\/wp\/v2\/posts"}],"about":[{"href":"https:\/\/www.radioamigavallenar.cl\/index.php?rest_route=\/wp\/v2\/types\/post"}],"author":[{"embeddable":true,"href":"https:\/\/www.radioamigavallenar.cl\/index.php?rest_route=\/wp\/v2\/users\/7"}],"replies":[{"embeddable":true,"href":"https:\/\/www.radioamigavallenar.cl\/index.php?rest_route=%2Fwp%2Fv2%2Fcomments&post=108190"}],"version-history":[{"count":1,"href":"https:\/\/www.radioamigavallenar.cl\/index.php?rest_route=\/wp\/v2\/posts\/108190\/revisions"}],"predecessor-version":[{"id":108192,"href":"https:\/\/www.radioamigavallenar.cl\/index.php?rest_route=\/wp\/v2\/posts\/108190\/revisions\/108192"}],"wp:featuredmedia":[{"embeddable":true,"href":"https:\/\/www.radioamigavallenar.cl\/index.php?rest_route=\/wp\/v2\/media\/108191"}],"wp:attachment":[{"href":"https:\/\/www.radioamigavallenar.cl\/index.php?rest_route=%2Fwp%2Fv2%2Fmedia&parent=108190"}],"wp:term":[{"taxonomy":"category","embeddable":true,"href":"https:\/\/www.radioamigavallenar.cl\/index.php?rest_route=%2Fwp%2Fv2%2Fcategories&post=108190"},{"taxonomy":"post_tag","embeddable":true,"href":"https:\/\/www.radioamigavallenar.cl\/index.php?rest_route=%2Fwp%2Fv2%2Ftags&post=108190"}],"curies":[{"name":"wp","href":"https:\/\/api.w.org\/{rel}","templated":true}]}}