{"id":108187,"date":"2026-09-01T00:00:47","date_gmt":"2026-09-01T04:00:47","guid":{"rendered":"https:\/\/www.radioamigavallenar.cl\/?p=108187"},"modified":"2026-08-31T22:57:13","modified_gmt":"2026-09-01T02:57:13","slug":"consumo-de-cigarrillos-electronicos-entre-adolescentes-supera-el-promedio-nacional-en-atacama","status":"publish","type":"post","link":"https:\/\/www.radioamigavallenar.cl\/?p=108187","title":{"rendered":"Consumo de cigarrillos electr\u00f3nicos entre adolescentes supera el promedio nacional en Atacama"},"content":{"rendered":"<p align=\"justify\"><strong>El 21,5% de los estudiantes encuestados consume actualmente cigarrillos electr\u00f3nicos y un 36,3% declara haberlos utilizado alguna vez, cifras superiores a las registradas a nivel nacional.<\/strong><\/p>\n<p align=\"justify\">La SEREMI de Salud de Atacama dio a conocer los resultados regionales de la Encuesta Mundial de Tabaquismo en J\u00f3venes (EMTJ) 2024, los cuales evidencian un cambio en las formas de consumo entre adolescentes: mientras el uso de cigarrillos tradicionales en la regi\u00f3n se mantiene por debajo del promedio nacional, los cigarrillos electr\u00f3nicos alcanzan cifras superiores a las observadas en el pa\u00eds.<\/p>\n<p align=\"justify\">Los resultados fueron presentados junto a la SEREMI de Educaci\u00f3n en el Liceo El Palomar de Copiap\u00f3, con la participaci\u00f3n de autoridades regionales, representantes del sector salud, referentes t\u00e9cnicos y comunidad estudiantil.<\/p>\n<p align=\"justify\">La EMTJ 2024 fue realizada por el Ministerio de Salud y coordinada por el Departamento de Epidemiolog\u00eda, en alianza con la Organizaci\u00f3n Mundial de la Salud (OMS) y la Organizaci\u00f3n Panamericana de la Salud (OPS). El estudio consider\u00f3 a 7.204 estudiantes de entre 13 y 15 a\u00f1os de las 16 regiones del pa\u00eds, de los cuales 210 corresponden a Atacama.<\/p>\n<h2 style=\"text-align: center;\" align=\"justify\"><strong>Vapeo supera el promedio nacional<\/strong><\/h2>\n<p align=\"justify\">En Atacama, el 21,5% de los estudiantes encuestados declar\u00f3 consumir actualmente cigarrillos electr\u00f3nicos, frente al 14,7% nacional. Asimismo, un 36,3% se\u00f1al\u00f3 haberlos utilizado alguna vez en su vida, superando el 32,7% del pa\u00eds y posicionando a la regi\u00f3n con la mayor prevalencia nacional en este \u00faltimo indicador.<\/p>\n<p align=\"justify\">En contraste, un 7,3% de los estudiantes de Atacama declar\u00f3 fumar actualmente cigarrillos tradicionales, cifra inferior al 9,4% nacional, mientras que un 20% se\u00f1al\u00f3 haberlos consumido alguna vez, frente al 23,2% registrado en el pa\u00eds.<\/p>\n<p align=\"justify\">Al respecto, el SEREMI de Salud (s) de Atacama, Richard Gonz\u00e1lez G\u00e1lvez, se\u00f1al\u00f3 que \u201clos resultados muestran que las formas de consumo est\u00e1n cambiando y que hoy debemos poner especial atenci\u00f3n en los cigarrillos electr\u00f3nicos. Sus formatos, sabores y aromas pueden generar una percepci\u00f3n de menor riesgo entre los adolescentes, pero vapear no es inocuo y puede provocar efectos negativos en la salud\u201d.<\/p>\n<p align=\"justify\">La autoridad sanitaria agreg\u00f3 que \u201cnuestro llamado es a evitar que estos productos se normalicen entre ni\u00f1os y adolescentes. Como Autoridad Sanitaria, tenemos un rol tanto en la educaci\u00f3n sobre sus riesgos como en la fiscalizaci\u00f3n del cumplimiento de la normativa, pero la prevenci\u00f3n tambi\u00e9n requiere del compromiso de las familias y las comunidades educativas\u201d.<\/p>\n<p align=\"justify\">Otro antecedente relevante corresponde al acceso a productos de tabaco. Un 39,7% de los estudiantes de Atacama report\u00f3 la posibilidad de adquirir cigarrillos en quioscos, tiendas o supermercados, frente al 32,9% nacional. Adem\u00e1s, un 57,5% de los estudiantes consumidores declar\u00f3 haber comprado cigarrillos sueltos durante los \u00faltimos 30 d\u00edas, cifra superior al 34% registrado en el pa\u00eds.<\/p>\n<p align=\"justify\">Por su parte, la SEREMI de Educaci\u00f3n de Atacama, Yoris Rojas Vlastelica, indic\u00f3 que \u201clos resultados de esta encuesta nos llaman a reforzar la prevenci\u00f3n y el trabajo conjunto con las comunidades educativas y las familias. Junto a la SEREMI de Salud, nos preocupa que en Atacama el 21,5% de los estudiantes encuestados declare consumir actualmente cigarrillos electr\u00f3nicos y que m\u00e1s de uno de cada tres los haya utilizado alguna vez\u201d.<\/p>\n<p align=\"justify\">\u201cVapear no es una pr\u00e1ctica inocua y debemos evitar que se normalice entre nuestros ni\u00f1os, ni\u00f1as y adolescentes. Cuidar su salud y bienestar es fundamental para que puedan asistir, aprender y desarrollarse plenamente, fortaleciendo as\u00ed sus trayectorias educativas. Por eso, el llamado es a conversar sobre estos riesgos y a generar, entre todos, entornos educativos seguros, saludables y protectores\u201d, agreg\u00f3.<\/p>\n<p align=\"justify\">Desde el Liceo El Palomar, su inspectora general, Claudia Rojo, valor\u00f3 la jornada se\u00f1alando que \u201cagradecemos esta instancia de reflexi\u00f3n y conocimiento para nuestros estudiantes, porque permite que puedan tomar mayor conciencia, informarse y conocer los impactos asociados a estas formas de consumo\u201d.<\/p>\n<h2 style=\"text-align: center;\" align=\"justify\"><strong>Regulaci\u00f3n y prevenci\u00f3n<\/strong><\/h2>\n<p align=\"justify\">Los cigarrillos electr\u00f3nicos pueden provocar irritaci\u00f3n respiratoria, tos y dificultad respiratoria, adem\u00e1s de generar riesgos para los sistemas respiratorio y cardiovascular y la salud oral. La evidencia considerada por el Ministerio de Salud advierte tambi\u00e9n que, entre adolescentes que nunca han fumado, su uso se ha asociado a un aumento de hasta tres veces en la probabilidad de iniciar posteriormente el consumo de cigarrillos tradicionales.<\/p>\n<p align=\"justify\">En Chile, la Ley N\u00b021.642 ampli\u00f3 la regulaci\u00f3n de la Ley de Tabaco a los sistemas electr\u00f3nicos con y sin nicotina y l\u00edquidos de vapeo, prohibiendo, entre otras disposiciones, su venta y comercializaci\u00f3n a menores de 18 a\u00f1os.<\/p>\n<p align=\"justify\">La SEREMI de Salud de Atacama reiter\u00f3 el llamado a las familias y comunidades educativas a conversar sobre los riesgos del tabaco y los cigarrillos electr\u00f3nicos, promoviendo entornos que eviten su normalizaci\u00f3n y protejan la salud de ni\u00f1os y adolescentes.<\/p>\n","protected":false},"excerpt":{"rendered":"<p>El 21,5% de los estudiantes encuestados consume actualmente cigarrillos electr\u00f3nicos y un 36,3% declara haberlos utilizado alguna vez, cifras superiores a las registradas a nivel&hellip; <\/p>\n","protected":false},"author":7,"featured_media":108188,"comment_status":"closed","ping_status":"closed","sticky":false,"template":"","format":"standard","meta":{"footnotes":""},"categories":[7],"tags":[],"class_list":["post-108187","post","type-post","status-publish","format-standard","has-post-thumbnail","hentry","category-atacama"],"_links":{"self":[{"href":"https:\/\/www.radioamigavallenar.cl\/index.php?rest_route=\/wp\/v2\/posts\/108187","targetHints":{"allow":["GET"]}}],"collection":[{"href":"https:\/\/www.radioamigavallenar.cl\/index.php?rest_route=\/wp\/v2\/posts"}],"about":[{"href":"https:\/\/www.radioamigavallenar.cl\/index.php?rest_route=\/wp\/v2\/types\/post"}],"author":[{"embeddable":true,"href":"https:\/\/www.radioamigavallenar.cl\/index.php?rest_route=\/wp\/v2\/users\/7"}],"replies":[{"embeddable":true,"href":"https:\/\/www.radioamigavallenar.cl\/index.php?rest_route=%2Fwp%2Fv2%2Fcomments&post=108187"}],"version-history":[{"count":1,"href":"https:\/\/www.radioamigavallenar.cl\/index.php?rest_route=\/wp\/v2\/posts\/108187\/revisions"}],"predecessor-version":[{"id":108189,"href":"https:\/\/www.radioamigavallenar.cl\/index.php?rest_route=\/wp\/v2\/posts\/108187\/revisions\/108189"}],"wp:featuredmedia":[{"embeddable":true,"href":"https:\/\/www.radioamigavallenar.cl\/index.php?rest_route=\/wp\/v2\/media\/108188"}],"wp:attachment":[{"href":"https:\/\/www.radioamigavallenar.cl\/index.php?rest_route=%2Fwp%2Fv2%2Fmedia&parent=108187"}],"wp:term":[{"taxonomy":"category","embeddable":true,"href":"https:\/\/www.radioamigavallenar.cl\/index.php?rest_route=%2Fwp%2Fv2%2Fcategories&post=108187"},{"taxonomy":"post_tag","embeddable":true,"href":"https:\/\/www.radioamigavallenar.cl\/index.php?rest_route=%2Fwp%2Fv2%2Ftags&post=108187"}],"curies":[{"name":"wp","href":"https:\/\/api.w.org\/{rel}","templated":true}]}}