{"id":108184,"date":"2026-09-01T00:00:19","date_gmt":"2026-09-01T04:00:19","guid":{"rendered":"https:\/\/www.radioamigavallenar.cl\/?p=108184"},"modified":"2026-09-01T00:13:09","modified_gmt":"2026-09-01T04:13:09","slug":"minvu-atacama-realiza-cuenta-publica-participativa-con-enfasis-en-desafios-regionales","status":"publish","type":"post","link":"https:\/\/www.radioamigavallenar.cl\/?p=108184","title":{"rendered":"Minvu Atacama realiza Cuenta P\u00fablica Participativa con \u00e9nfasis en desaf\u00edos regionales"},"content":{"rendered":"<p>\u00b7 Seremi Minvu, Maximiliano Barrionuevo y Director del Serviu Atacama, Manuel Gonz\u00e1lez; anunciaron la construcci\u00f3n de m\u00e1s de 7 mil viviendas durante el periodo de Gobierno, as\u00ed como la creaci\u00f3n de Barrios de Peque\u00f1os Condominios y espacios p\u00fablicos m\u00e1s seguros e iluminados.<\/p>\n<p>&nbsp;<\/p>\n<p>\u00b7 En la jornada se realiz\u00f3 un reconocimiento especial a los funcionarios Fanny L\u00f3pez Herrera y Jorge Flores Morales quienes se acogieron a retiro voluntario despu\u00e9s de 55 y 49 a\u00f1os de carrera en el Serviu Atacama.<\/p>\n<p>&nbsp;<\/p>\n<p>En el sal\u00f3n auditorio de la C\u00e1mara Chilena de la Construcci\u00f3n, en Copiap\u00f3; se llev\u00f3 a cabo la Cuenta P\u00fablica Participativa Minvu Atacama 2026, encabezada por el Seremi Minvu Maximiliano Barrionuevo Garc\u00eda y el Director de Serviu Atacama, Manuel Gonz\u00e1lez Jim\u00e9nez; en la que expusieron la gesti\u00f3n del 2025 y, principalmente, los desaf\u00edos institucionales para el periodo de Gobierno del Presidente Jos\u00e9 Antonio Kast.<\/p>\n<p>&nbsp;<\/p>\n<p>Entre las autoridades presentes destac\u00f3 el Delegado Presidencial Provincial de Cha\u00f1aral (S); Fernando Flores; en representaci\u00f3n de la Delegada Presidencial Regional de Atacama, Sof\u00eda Cid; el diputado Ignacio Urcull\u00fa, las Seremis del MOP, Paula Guerrero; de Educaci\u00f3n, Yoris Rojas; de Justicia, Carolina Gangas y de Deportes, Isis Mart\u00ednez; el alcalde de Cha\u00f1aral, Alex Ahumada; la Directora del Fosis, Mar\u00eda Soledad Acu\u00f1a; el Director (S) Secpla, Hern\u00e1n Vega y las concejalas de la comuna de Copiap\u00f3, Patricia Hurtado y Nilda Gonz\u00e1lez.<\/p>\n<p>&nbsp;<\/p>\n<p>Asimismo, participaron los integrantes del Consejo de la Sociedad Civil Minvu-Serviu Atacama Erika Ossandon, Solange Silva y Oscar Cicardini; as\u00ed como representantes de parlamentarios, de la CCHC, Juan Pablo Hinojosa, Tania Borcosky y Marcelo Scola; de la empresa sanitaria Nueva Atacama, Rodrigo Reyes; directivas de comit\u00e9s habitacionales y funcionariado de la Seremi Minvu y del Serviu Atacama.<\/p>\n<p>&nbsp;<\/p>\n<p>En la ocasi\u00f3n, Maximiliano Barrionuevo resumi\u00f3: \u201cRevisamos el Plan Integral de Vivienda y Urbanismo, de nuestro ministro Ivan Poduje, el cual contempla una meta bastante potente y necesaria para la regi\u00f3n de Atacama, tanto cuantitativa (7.064 viviendas) como cualitativamente (5.474 mejoramientos de vivienda y barrios). Por otro lado, dimos cuenta del despliegue en terreno que sostuvimos ante la emergencia donde, siendo un ministerio de tercera l\u00ednea en casos de emergencia, estuvimos desde el primer d\u00eda apoyando a los habitantes de la regi\u00f3n. Tuvimos la visita del Presidente Jos\u00e9 Antonio Kast y del Ministro Ivan Poduje. Por \u00faltimo, dimos las buenas noticias de la nueva tipolog\u00eda de proyectos que vamos a generar con nuestros equipos, materias de planificaci\u00f3n urbana a nivel regional y la importancia del rol de nuestro Minvu en la reactivaci\u00f3n econ\u00f3mica y la inversi\u00f3n\u201d.<\/p>\n<p>&nbsp;<\/p>\n<p>Manuel Gonz\u00e1lez, en tanto, agradeci\u00f3 el trabajo de las funcionarias y funcionarios que permiti\u00f3 concretar la construcci\u00f3n e inauguraci\u00f3n de conjuntos habitacionales tales como Altamira V y Ribera Kaukari; as\u00ed como el apoyo de empresas constructoras durante emergencia por el pasado sistema frontal que afect\u00f3 a siete comunas de la regi\u00f3n de Atacama.<\/p>\n<p>&nbsp;<\/p>\n<p>Por otra parte, el Director destac\u00f3 la idea nacida del equipo de la Seremi Minvu y del Serviu Atacama \u201cde crear nuevos Barrios de Peque\u00f1os Condominios que nos permitir\u00e1 construir varias viviendas en un sitio propio, o en terrenos eriazos recuperados por el Estado, para dar una soluci\u00f3n habitacional definitiva a varias familias al mismo tiempo. En esta l\u00ednea, tambi\u00e9n, mejoraremos los est\u00e1ndares de nuestros loteos, incorporando \u00e1rboles en las calles y vialidad en la que el peat\u00f3n sea el protagonista. Trabajaremos de la mano para dise\u00f1ar y materializar espacios p\u00fablicos con m\u00e1s sombreaderos e<\/p>\n<p>iluminaci\u00f3n fotovoltaica para que sean m\u00e1s seguros y puedan ser utilizados por la comunidad tanto en el d\u00eda como en la noche\u201d.<\/p>\n<p>&nbsp;<\/p>\n<p>&nbsp;<\/p>\n<p>DOS FUNCIONARIOS EJEMPLARES SE ACOGEN A RETIRO<\/p>\n<p>&nbsp;<\/p>\n<p>Este 2026, el Servicio de Vivienda y Urbanizaci\u00f3n de la Regi\u00f3n de Atacama cumpli\u00f3 50 a\u00f1os al servicio de la comunidad. Por esta raz\u00f3n, uno de los momentos m\u00e1s emotivos de la Cuenta P\u00fablica Participativa Minvu Atacama 2026, fue el reconocimiento realizado a dos funcionarios con una extensa y admirable carrera funcionaria que, durante agosto, se acogieron a retiro voluntario: Fanny Niza L\u00f3pez Herrera y Jorge Flores Morales, quienes cumplieron 55 y 49 a\u00f1os de trabajo en el Serviu Atacama, respectivamente.<\/p>\n<p>&nbsp;<\/p>\n<p>Don Jorge Flores, de profesi\u00f3n Constructor Civil, ingres\u00f3 al Serviu Atacama el 30 de junio de 1977 y, desde entonces, se ha desempe\u00f1ado como profesional, jefe de secci\u00f3n y jefe de departamento.<\/p>\n<p>&nbsp;<\/p>\n<p>Por su parte, Fanny L\u00f3pez, de profesi\u00f3n Orientadora del Hogar, ingres\u00f3 al Ministerio de Vivienda y Urbanismo, el 05 de marzo de 1971, a sus 21 a\u00f1os; antes que la oficina de la Corporaci\u00f3n de Servicios Habitacionales CORHABIT se fusionara con la CORVI, la COMU y la COU, dando vida al Serviu Atacama en 1976; desempe\u00f1\u00e1ndose como educadora familiar, oficial administrativo, ejecutiva de atenci\u00f3n, jefa de secci\u00f3n y jefa de departamento subrogante; primero en la ciudad de Vallenar y, desde 1988, en Copiap\u00f3.<\/p>\n<p>&nbsp;<\/p>\n<p>\u201cMe encuentro ante ustedes con un profundo sentimiento de gratitud y emoci\u00f3n, porque despu\u00e9s de 55 a\u00f1os de labor interrumpida en Serviu Regi\u00f3n de Atacama ha llegado el momento de cerrar este cap\u00edtulo tan significativo en mi vida. Quiero expresar mi m\u00e1s sincero agradecimiento con quienes compart\u00ed esta larga trayectoria. Gracias por su apoyo, por su amistad, por las ense\u00f1anzas recibidas y por los momentos que permanecer\u00e1n para siempre en mi memoria. Cada uno de ustedes ha dejado una huella significativa en mi vida personal y laboral. A lo largo de estos a\u00f1os he aprendido que el servicio p\u00fablico no es s\u00f3lo un trabajo sino una vocaci\u00f3n. He tenido el privilegio de ser testigo y parte de la transformaci\u00f3n de nuestro servicio, siempre con el objetivo de servir a la ciudadan\u00eda. Me llevo los mejores recuerdos, el cari\u00f1o de tantas personas y la satisfacci\u00f3n de haber dedicado mi vida a la vocaci\u00f3n de servicio p\u00fablico\u2026 Finalmente, les deseo a todos el mayor de los \u00e9xitos en sus futuros proyectos de vida. Muchas gracias por acompa\u00f1arme en este momento tan especial. Los recordar\u00e9 siempre con mucho cari\u00f1o, gratitud y profundo respeto. Tambi\u00e9n gracias a mi Dios, por haberme guiado siempre por el buen camino y por todo lo que he logrado en la vida.<\/p>\n<p>Los quiero mucho\u201d, concluy\u00f3 Fanny L\u00f3pez Herrera, quien recibi\u00f3 una ovaci\u00f3n de pie, de quienes asistieron a la Cuenta P\u00fablica Participativa Minvu Atacama 2026.<\/p>\n","protected":false},"excerpt":{"rendered":"<p>\u00b7 Seremi Minvu, Maximiliano Barrionuevo y Director del Serviu Atacama, Manuel Gonz\u00e1lez; anunciaron la construcci\u00f3n de m\u00e1s de 7 mil viviendas durante el periodo de&hellip; <\/p>\n","protected":false},"author":7,"featured_media":108185,"comment_status":"closed","ping_status":"closed","sticky":false,"template":"","format":"standard","meta":{"footnotes":""},"categories":[38],"tags":[],"class_list":["post-108184","post","type-post","status-publish","format-standard","has-post-thumbnail","hentry","category-portada-regional"],"_links":{"self":[{"href":"https:\/\/www.radioamigavallenar.cl\/index.php?rest_route=\/wp\/v2\/posts\/108184","targetHints":{"allow":["GET"]}}],"collection":[{"href":"https:\/\/www.radioamigavallenar.cl\/index.php?rest_route=\/wp\/v2\/posts"}],"about":[{"href":"https:\/\/www.radioamigavallenar.cl\/index.php?rest_route=\/wp\/v2\/types\/post"}],"author":[{"embeddable":true,"href":"https:\/\/www.radioamigavallenar.cl\/index.php?rest_route=\/wp\/v2\/users\/7"}],"replies":[{"embeddable":true,"href":"https:\/\/www.radioamigavallenar.cl\/index.php?rest_route=%2Fwp%2Fv2%2Fcomments&post=108184"}],"version-history":[{"count":1,"href":"https:\/\/www.radioamigavallenar.cl\/index.php?rest_route=\/wp\/v2\/posts\/108184\/revisions"}],"predecessor-version":[{"id":108186,"href":"https:\/\/www.radioamigavallenar.cl\/index.php?rest_route=\/wp\/v2\/posts\/108184\/revisions\/108186"}],"wp:featuredmedia":[{"embeddable":true,"href":"https:\/\/www.radioamigavallenar.cl\/index.php?rest_route=\/wp\/v2\/media\/108185"}],"wp:attachment":[{"href":"https:\/\/www.radioamigavallenar.cl\/index.php?rest_route=%2Fwp%2Fv2%2Fmedia&parent=108184"}],"wp:term":[{"taxonomy":"category","embeddable":true,"href":"https:\/\/www.radioamigavallenar.cl\/index.php?rest_route=%2Fwp%2Fv2%2Fcategories&post=108184"},{"taxonomy":"post_tag","embeddable":true,"href":"https:\/\/www.radioamigavallenar.cl\/index.php?rest_route=%2Fwp%2Fv2%2Ftags&post=108184"}],"curies":[{"name":"wp","href":"https:\/\/api.w.org\/{rel}","templated":true}]}}