{"id":108181,"date":"2026-09-01T00:00:23","date_gmt":"2026-09-01T04:00:23","guid":{"rendered":"https:\/\/www.radioamigavallenar.cl\/?p=108181"},"modified":"2026-09-01T00:13:04","modified_gmt":"2026-09-01T04:13:04","slug":"archivo-regional-de-atacama-fortalece-trabajo-con-instituciones-publicas-para-la-preservacion-de-la-memoria-local","status":"publish","type":"post","link":"https:\/\/www.radioamigavallenar.cl\/?p=108181","title":{"rendered":"Archivo Regional de Atacama fortalece trabajo con instituciones p\u00fablicas para la preservaci\u00f3n de la memoria local"},"content":{"rendered":"<p>\u00b7 El proyecto \u201cPreservaci\u00f3n de archivos: Salvaguardando la memoria regional\u201d se ha desarrollado durante el mes de agosto a nivel local.<\/p>\n<p>Ocho visitas t\u00e9cnicas a distintas instituciones p\u00fablicas de la regi\u00f3n -incluyendo conservadores de bienes ra\u00edces, archiveros judiciales, notar\u00edas, seremis y servicios-, se realizaron durante el mes de agosto en Copiap\u00f3, Freirina y Cha\u00f1aral impulsadas por el Archivo Regional de Atacama (ARAT), con el objetivo de apoyar en la correcta preservaci\u00f3n de sus archivos, claves para la transparencia y resguardo de la memoria local.<\/p>\n<p>Esta iniciativa es parte del proyecto denominado \u201cPreservaci\u00f3n de archivos: Salvaguardando la memoria regional\u201d, desarrollado por el Archivo Nacional de Chile gracias al programa Acciones Culturales Complementarias (ACC) del Servicio del Patrimonio Cultural (Serpat), instancia que ha permitido que una profesional del \u00e1rea conservaci\u00f3n de archivos visite siete regiones de pa\u00eds, en coordinaci\u00f3n con los equipo t\u00e9cnicos locales.<\/p>\n<p>Marcela Oviedo Sep\u00falveda, conservadora del Archivo Regional de Atacama, destac\u00f3 \u201cla importancia de poder fortalecer la labor con instituciones p\u00fablicas del territorio tomando en cuenta en que nos encontramos en una etapa de habilitaci\u00f3n e implementaci\u00f3n de nuestros dep\u00f3sitos, lo que nos permitir\u00e1 en el mediano plazo comenzar con las transferencias documentales, acci\u00f3n que implica fortalecer las coordinaciones intersectoriales en l\u00ednea con el cumplimiento de rigurosas normas t\u00e9cnicas\u201d.<\/p>\n<p>Cabe destacar que como resultado de sus actividades y gesti\u00f3n administrativa, las instituciones p\u00fablicas producen documentos que de acuerdo con el art\u00edculo 14 del Decreto con Fuerza de Ley 5.200 de 1929, deben ingresar al Archivo Nacional de Chile y a los Archivos Regionales, una vez cumplidos ciertos plazos y requisitos, para su preservaci\u00f3n y acceso de las comunidades.<\/p>\n<p>En este sentido, el rol de los archivos es clave tanto para la puesta en valor del patrimonio documental de los territorios, como tambi\u00e9n para garantizar la transparencia y democratizar el acceso de todas y todos a la informaci\u00f3n p\u00fablica.<\/p>\n","protected":false},"excerpt":{"rendered":"<p>\u00b7 El proyecto \u201cPreservaci\u00f3n de archivos: Salvaguardando la memoria regional\u201d se ha desarrollado durante el mes de agosto a nivel local. Ocho visitas t\u00e9cnicas a&hellip; <\/p>\n","protected":false},"author":7,"featured_media":108182,"comment_status":"closed","ping_status":"closed","sticky":false,"template":"","format":"standard","meta":{"footnotes":""},"categories":[7],"tags":[],"class_list":["post-108181","post","type-post","status-publish","format-standard","has-post-thumbnail","hentry","category-atacama"],"_links":{"self":[{"href":"https:\/\/www.radioamigavallenar.cl\/index.php?rest_route=\/wp\/v2\/posts\/108181","targetHints":{"allow":["GET"]}}],"collection":[{"href":"https:\/\/www.radioamigavallenar.cl\/index.php?rest_route=\/wp\/v2\/posts"}],"about":[{"href":"https:\/\/www.radioamigavallenar.cl\/index.php?rest_route=\/wp\/v2\/types\/post"}],"author":[{"embeddable":true,"href":"https:\/\/www.radioamigavallenar.cl\/index.php?rest_route=\/wp\/v2\/users\/7"}],"replies":[{"embeddable":true,"href":"https:\/\/www.radioamigavallenar.cl\/index.php?rest_route=%2Fwp%2Fv2%2Fcomments&post=108181"}],"version-history":[{"count":1,"href":"https:\/\/www.radioamigavallenar.cl\/index.php?rest_route=\/wp\/v2\/posts\/108181\/revisions"}],"predecessor-version":[{"id":108183,"href":"https:\/\/www.radioamigavallenar.cl\/index.php?rest_route=\/wp\/v2\/posts\/108181\/revisions\/108183"}],"wp:featuredmedia":[{"embeddable":true,"href":"https:\/\/www.radioamigavallenar.cl\/index.php?rest_route=\/wp\/v2\/media\/108182"}],"wp:attachment":[{"href":"https:\/\/www.radioamigavallenar.cl\/index.php?rest_route=%2Fwp%2Fv2%2Fmedia&parent=108181"}],"wp:term":[{"taxonomy":"category","embeddable":true,"href":"https:\/\/www.radioamigavallenar.cl\/index.php?rest_route=%2Fwp%2Fv2%2Fcategories&post=108181"},{"taxonomy":"post_tag","embeddable":true,"href":"https:\/\/www.radioamigavallenar.cl\/index.php?rest_route=%2Fwp%2Fv2%2Ftags&post=108181"}],"curies":[{"name":"wp","href":"https:\/\/api.w.org\/{rel}","templated":true}]}}