{"id":108178,"date":"2026-09-01T00:00:51","date_gmt":"2026-09-01T04:00:51","guid":{"rendered":"https:\/\/www.radioamigavallenar.cl\/?p=108178"},"modified":"2026-08-31T22:50:56","modified_gmt":"2026-09-01T02:50:56","slug":"region-de-atacama-se-prepara-para-una-historica-temporada-del-desierto-florido-2026","status":"publish","type":"post","link":"https:\/\/www.radioamigavallenar.cl\/?p=108178","title":{"rendered":"Regi\u00f3n de Atacama se prepara para una hist\u00f3rica temporada del Desierto Florido 2026"},"content":{"rendered":"<p>\u00b7 En este contexto, Sernatur Atacama realiz\u00f3 en La Serena el workshop \u201cAtacama Florece\u201d, encuentro destinado a fortalecer la promoci\u00f3n y comercializaci\u00f3n de la oferta tur\u00edstica regional y generar nuevas oportunidades de vinculaci\u00f3n con operadores tur\u00edsticos de Coquimbo y Atacama.<\/p>\n<p>Con el objetivo de potenciar las oportunidades que generar\u00e1 el fen\u00f3meno para la actividad tur\u00edstica regional, Sernatur Atacama desarroll\u00f3 en el Hotel Club La Serena el \u201cAtacama Florece: Workshop Desierto Florido 2026\u201d, instancia que reuni\u00f3 a 9 prestadores tur\u00edsticos de Atacama, tour operadores, agencias de viajes y potenciales socios comerciales de la Regi\u00f3n de Coquimbo, quienes sumaron un total de 30 empresarios.<\/p>\n<p>La jornada, financiada por programa F.N.D.R. \u201cDifusi\u00f3n y Fortalecimiento Tur\u00edstico del Destino Ping\u00fcino de Humboldt en Freirina y su \u00c1rea de Influencia\u201d, permiti\u00f3 acercar la oferta tur\u00edstica formal de Atacama al mercado de la regi\u00f3n vecina, con especial \u00e9nfasis en el destino Valle del Huasco y Cet\u00e1ceos del Desierto, favoreciendo la generaci\u00f3n de contactos, oportunidades de negocio y nuevas alianzas para ampliar la comercializaci\u00f3n de experiencias y productos tur\u00edsticos regionales.<\/p>\n<p>Miguel Vargas Correa, Gobernador Regional de Atacama, indic\u00f3 que \u201csomos la regi\u00f3n del Desierto Florido, un fen\u00f3meno \u00fanico que nos llena de orgullo y que forma parte esencial de nuestra identidad y de nuestro patrimonio natural. Por eso, promoverlo en las regiones vecinas y en distintos puntos de Chile es tambi\u00e9n una forma de poner en valor Atacama, de invitar a conocerla y, al mismo tiempo, generar nuevas oportunidades para nuestros prestadores y prestadoras de servicios tur\u00edsticos\u201d.<\/p>\n<p>Al respecto, el director regional de Sernatur Atacama, Alejandro Martin Caro, destac\u00f3 la oportunidad que representa la temporada para posicionar los atractivos y experiencias de la regi\u00f3n. \u201cEstamos frente a una temporada que presenta condiciones muy positivas para el Desierto Florido y queremos que esta oportunidad tambi\u00e9n se traduzca en beneficios para nuestro sector tur\u00edstico. Con este workshop buscamos conectar directamente a nuestros prestadores con operadores y agencias de la Regi\u00f3n de Coquimbo, generar nuevas oportunidades de comercializaci\u00f3n e invitar a conocer Atacama de manera responsable, privilegiando siempre la oferta tur\u00edstica formal y el cuidado de nuestro patrimonio natural\u201d.<\/p>\n<p>Durante el encuentro tambi\u00e9n se entregaron antecedentes t\u00e9cnicos sobre las condiciones actuales y las proyecciones para la temporada. Seg\u00fan las estimaciones de CONAF contenidas en la minuta, el fen\u00f3meno podr\u00eda manifestarse en una superficie de hasta 15.000 km\u00b2, una extensi\u00f3n similar a la Regi\u00f3n Metropolitana, mientras que actualmente se confirma una activaci\u00f3n de germoplasma en el 100% del territorio considerado, con presencia a lo largo de la Regi\u00f3n de Atacama.<\/p>\n<p>Gabriela L\u00f3pez Acosta, encargada provincial de \u00c1reas Protegidas de CONAF Atacama, expuso en dicho workshop y explic\u00f3 que comprender estas variables tambi\u00e9n es fundamental para conocer el desarrollo del fen\u00f3meno y fomentar su conservaci\u00f3n. \u201cEl Desierto Florido es un fen\u00f3meno que depende no solo de las precipitaciones, sino tambi\u00e9n de factores como la absorci\u00f3n del suelo, las temperaturas y la exposici\u00f3n solar. Nuestra participaci\u00f3n busca entregar informaci\u00f3n t\u00e9cnica sobre sus proyecciones y distribuci\u00f3n, pero tambi\u00e9n promover su cuidado y una visita responsable. Adem\u00e1s, queremos fortalecer el v\u00ednculo entre operadores tur\u00edsticos, reconociendo el conocimiento y experiencia de quienes trabajan en el territorio\u201d, indic\u00f3 L\u00f3pez.<\/p>\n<p>Por su parte, la delegada presidencial regional de Atacama, Sof\u00eda Cid Versalovic, relev\u00f3 tanto las oportunidades que representa el fen\u00f3meno como la responsabilidad de conservarlo. \u201cAtacama est\u00e1 floreciendo y queremos que Chile vuelva sus ojos hacia nuestra regi\u00f3n. Este fen\u00f3meno representa una gran oportunidad para el turismo, nuestros emprendedores y la econom\u00eda regional, pero tambi\u00e9n es un patrimonio que debemos proteger entre todos. Invitamos a recorrer Atacama y disfrutar del Desierto Florido con responsabilidad, respetando los caminos habilitados, sin pisar ni extraer flores y cuidando estos espacios\u201d.<\/p>\n<p>Finalmente, el seremi (s) de Econom\u00eda, Fomento y Turismo, Jonathan Carmona D\u00edaz, destac\u00f3 que \u201cinstancias como \u201cAtacama Florece\u201d permiten posicionar a los emprendedores locales y la oferta tur\u00edstica formal en Coquimbo, garantizando que el impacto econ\u00f3mico de este hist\u00f3rico Desierto Florido beneficie directamente al comercio, la hoteler\u00eda y los tours operadores de Atacama de manera sustentable y responsable\u201d.<\/p>\n<p>&nbsp;<\/p>\n<p style=\"text-align: center;\">Proyecciones y llamado al cuidado<\/p>\n<p>La floraci\u00f3n ya ha comenzado a manifestarse en distintos sectores de Atacama y se espera que durante la primera quincena de septiembre el fen\u00f3meno adquiera mayor notoriedad. Las precipitaciones registradas durante agosto han favorecido la germinaci\u00f3n de especies ef\u00edmeras, arbustivas y cactus, existiendo adem\u00e1s condiciones que podr\u00edan permitir la aparici\u00f3n de especies que no fueron observadas durante la temporada anterior.<\/p>\n<p>La mayor diversidad y densidad de flores se proyecta entre fines de septiembre y mediados de octubre. Su evoluci\u00f3n depender\u00e1 de variables como las temperaturas, exposici\u00f3n solar y humedad aportada por la camanchaca y, de mantenerse condiciones meteorol\u00f3gicas favorables, el evento podr\u00eda prolongarse incluso hasta fines de diciembre.<\/p>\n","protected":false},"excerpt":{"rendered":"<p>\u00b7 En este contexto, Sernatur Atacama realiz\u00f3 en La Serena el workshop \u201cAtacama Florece\u201d, encuentro destinado a fortalecer la promoci\u00f3n y comercializaci\u00f3n de la oferta&hellip; <\/p>\n","protected":false},"author":7,"featured_media":108179,"comment_status":"closed","ping_status":"closed","sticky":false,"template":"","format":"standard","meta":{"footnotes":""},"categories":[7],"tags":[],"class_list":["post-108178","post","type-post","status-publish","format-standard","has-post-thumbnail","hentry","category-atacama"],"_links":{"self":[{"href":"https:\/\/www.radioamigavallenar.cl\/index.php?rest_route=\/wp\/v2\/posts\/108178","targetHints":{"allow":["GET"]}}],"collection":[{"href":"https:\/\/www.radioamigavallenar.cl\/index.php?rest_route=\/wp\/v2\/posts"}],"about":[{"href":"https:\/\/www.radioamigavallenar.cl\/index.php?rest_route=\/wp\/v2\/types\/post"}],"author":[{"embeddable":true,"href":"https:\/\/www.radioamigavallenar.cl\/index.php?rest_route=\/wp\/v2\/users\/7"}],"replies":[{"embeddable":true,"href":"https:\/\/www.radioamigavallenar.cl\/index.php?rest_route=%2Fwp%2Fv2%2Fcomments&post=108178"}],"version-history":[{"count":1,"href":"https:\/\/www.radioamigavallenar.cl\/index.php?rest_route=\/wp\/v2\/posts\/108178\/revisions"}],"predecessor-version":[{"id":108180,"href":"https:\/\/www.radioamigavallenar.cl\/index.php?rest_route=\/wp\/v2\/posts\/108178\/revisions\/108180"}],"wp:featuredmedia":[{"embeddable":true,"href":"https:\/\/www.radioamigavallenar.cl\/index.php?rest_route=\/wp\/v2\/media\/108179"}],"wp:attachment":[{"href":"https:\/\/www.radioamigavallenar.cl\/index.php?rest_route=%2Fwp%2Fv2%2Fmedia&parent=108178"}],"wp:term":[{"taxonomy":"category","embeddable":true,"href":"https:\/\/www.radioamigavallenar.cl\/index.php?rest_route=%2Fwp%2Fv2%2Fcategories&post=108178"},{"taxonomy":"post_tag","embeddable":true,"href":"https:\/\/www.radioamigavallenar.cl\/index.php?rest_route=%2Fwp%2Fv2%2Ftags&post=108178"}],"curies":[{"name":"wp","href":"https:\/\/api.w.org\/{rel}","templated":true}]}}