{"id":108175,"date":"2026-09-01T00:00:36","date_gmt":"2026-09-01T04:00:36","guid":{"rendered":"https:\/\/www.radioamigavallenar.cl\/?p=108175"},"modified":"2026-08-31T22:49:48","modified_gmt":"2026-09-01T02:49:48","slug":"sence-inicia-pago-anual-del-bono-trabajo-mujer-y-subsidio-empleo-joven-2025","status":"publish","type":"post","link":"https:\/\/www.radioamigavallenar.cl\/?p=108175","title":{"rendered":"SENCE inicia Pago Anual del Bono Trabajo Mujer y Subsidio Empleo Joven 2025"},"content":{"rendered":"<p>El Servicio Nacional de Capacitaci\u00f3n y Empleo -SENCE- comenz\u00f3 ayer lunes 31 de agosto el proceso de Pago Anual del Bono al Trabajo de la Mujer (BTM) y del Subsidio al Empleo Joven (SEJ), subsidios estatales que buscan mejorar el ingreso de trabajadores\/as dependiente o independiente pertenecientes al 40% m\u00e1s vulnerable de la poblaci\u00f3n.<\/p>\n<p>El pago de estos beneficios ser\u00e1 recibido por 6.180 mujeres y j\u00f3venes trabajadores de toda la regi\u00f3n de Atacama, con una inversi\u00f3n p\u00fablica regional de $533.635.610 por ambos subsidios.<\/p>\n<p>La directora (s) de SENCE Atacama llama a la comunidad a informarse: \u201cPara SENCE Atacama es muy importante que las personas que han sido beneficiadas con el Subsidio al empleo joven o el Subsidio al trabajo de la mujer puedan revisar la informaci\u00f3n respecto del pago anual que se realiza al finalizar este mes de agosto, y que cualquier duda que pueda surgir sea dirigida por los canales establecidos, para que sean atendidas oportunamente\u201d.<\/p>\n<p>&nbsp;<\/p>\n<p style=\"text-align: center;\"><strong>\u00bfMontos a recibir?<\/strong><\/p>\n<p>Para conocer el monto del pago, las personas beneficiadas deben ingresar con su RUT y fecha de nacimiento al m\u00f3dulo de pago disponible, seg\u00fan su beneficio:<\/p>\n<p>BTM: https:\/\/sence.gob.cl\/personas\/btm SEJ: https:\/\/sence.gob.cl\/personas\/sej<\/p>\n<p>&nbsp;<\/p>\n<p style=\"text-align: center;\"><strong>\u00bfC\u00f3mo y d\u00f3nde pagan?<\/strong><\/p>\n<p>Tanto el BTM como SEJ se pagan seg\u00fan la modalidad escogida por \u00e9l o la beneficiaria al momento de postular:<\/p>\n<p>&#8211; Dep\u00f3sito: El dinero llegar\u00e1 directo a la cuenta registrada.<\/p>\n<p>&#8211; Efectivo: Disponible (con c\u00e9dula de identidad) en cualquier sucursal de BancoEstado o BancoEstado Express.<\/p>\n<p>&nbsp;<\/p>\n<p style=\"text-align: center;\"><strong>M\u00e1s informaci\u00f3n<\/strong><\/p>\n<p>Quienes tengan dudas o necesiten realizar consultas sobre el proceso pueden acceder a los distintos canales de atenci\u00f3n del Servicio:<\/p>\n<p>&#8211; Presencialemente, oficina de SENCE Atacama, Maip\u00fa 355 segundo piso. &#8211; ELO, el asistente virtual de SENCE, disponible en www.sence.cl<\/p>\n<p>&#8211; Canal de autoatenci\u00f3n telef\u00f3nica, desde celulares, marcando *8088.<\/p>\n<p>&#8211; RRSS oficiales de SENCE: SenceAtacama en Facebook, Instagram.<\/p>\n<p>&#8211; Centro de Llamadas, desde Red Fija en el n\u00famero 600 712 0028 (lunes a jueves, de 09:00 a 18:00 horas y viernes hasta las 17:00 horas).<\/p>\n<p>&#8211; Atenci\u00f3n por videollamada (disponible con Clave \u00danica en www.sence.cl) lunes a viernes, de 09:00 a 17:00 horas. &#8211; Buz\u00f3n Ciudadano: disponible en www.sence.cl<\/p>\n","protected":false},"excerpt":{"rendered":"<p>El Servicio Nacional de Capacitaci\u00f3n y Empleo -SENCE- comenz\u00f3 ayer lunes 31 de agosto el proceso de Pago Anual del Bono al Trabajo de la&hellip; <\/p>\n","protected":false},"author":7,"featured_media":108176,"comment_status":"closed","ping_status":"closed","sticky":false,"template":"","format":"standard","meta":{"footnotes":""},"categories":[38],"tags":[],"class_list":["post-108175","post","type-post","status-publish","format-standard","has-post-thumbnail","hentry","category-portada-regional"],"_links":{"self":[{"href":"https:\/\/www.radioamigavallenar.cl\/index.php?rest_route=\/wp\/v2\/posts\/108175","targetHints":{"allow":["GET"]}}],"collection":[{"href":"https:\/\/www.radioamigavallenar.cl\/index.php?rest_route=\/wp\/v2\/posts"}],"about":[{"href":"https:\/\/www.radioamigavallenar.cl\/index.php?rest_route=\/wp\/v2\/types\/post"}],"author":[{"embeddable":true,"href":"https:\/\/www.radioamigavallenar.cl\/index.php?rest_route=\/wp\/v2\/users\/7"}],"replies":[{"embeddable":true,"href":"https:\/\/www.radioamigavallenar.cl\/index.php?rest_route=%2Fwp%2Fv2%2Fcomments&post=108175"}],"version-history":[{"count":1,"href":"https:\/\/www.radioamigavallenar.cl\/index.php?rest_route=\/wp\/v2\/posts\/108175\/revisions"}],"predecessor-version":[{"id":108177,"href":"https:\/\/www.radioamigavallenar.cl\/index.php?rest_route=\/wp\/v2\/posts\/108175\/revisions\/108177"}],"wp:featuredmedia":[{"embeddable":true,"href":"https:\/\/www.radioamigavallenar.cl\/index.php?rest_route=\/wp\/v2\/media\/108176"}],"wp:attachment":[{"href":"https:\/\/www.radioamigavallenar.cl\/index.php?rest_route=%2Fwp%2Fv2%2Fmedia&parent=108175"}],"wp:term":[{"taxonomy":"category","embeddable":true,"href":"https:\/\/www.radioamigavallenar.cl\/index.php?rest_route=%2Fwp%2Fv2%2Fcategories&post=108175"},{"taxonomy":"post_tag","embeddable":true,"href":"https:\/\/www.radioamigavallenar.cl\/index.php?rest_route=%2Fwp%2Fv2%2Ftags&post=108175"}],"curies":[{"name":"wp","href":"https:\/\/api.w.org\/{rel}","templated":true}]}}