{"id":108172,"date":"2026-09-01T00:00:01","date_gmt":"2026-09-01T04:00:01","guid":{"rendered":"https:\/\/www.radioamigavallenar.cl\/?p=108172"},"modified":"2026-08-31T22:47:07","modified_gmt":"2026-09-01T02:47:07","slug":"corproa-y-ata-realizan-scouting-tecnico-preparando-la-temporada-2026-del-desierto-florido","status":"publish","type":"post","link":"https:\/\/www.radioamigavallenar.cl\/?p=108172","title":{"rendered":"CORPROA y ATA realizan scouting t\u00e9cnico preparando la temporada 2026 del Desierto Florido"},"content":{"rendered":"<p>La actividad reuni\u00f3 a actores p\u00fablicos y privados para levantar un diagn\u00f3stico sobre el estado del Parque Nacional Desierto Florido y sus necesidades de habilitaci\u00f3n tur\u00edstica.<\/p>\n<p>El Programa de Turismo de Aventura y Naturaleza, iniciativa de la Corporaci\u00f3n para el Desarrollo de la Regi\u00f3n de Atacama CORPROA, la Asociaci\u00f3n de Turismo de Atacama (ATA), Minera Salar Blanco y Kinross, llevaron a cabo una jornada de scouting t\u00e9cnico en el Parque Nacional Desierto Florido en el marco de la temporada 2026.<\/p>\n<p>El objetivo principal de la actividad fue realizar un diagn\u00f3stico t\u00e9cnico participativo para evaluar el estado del Parque tras las lluvias recientes y levantar las necesidades de habilitaci\u00f3n tur\u00edstica inmediata, tales como puntos de informaci\u00f3n, miradores, se\u00f1al\u00e9tica y servicios higi\u00e9nicos. Adem\u00e1s, la instancia busc\u00f3 trazar rutas seguras para los visitantes.<\/p>\n<p>Durante el recorrido, el Director de CONAF Atacama, Mauricio Sep\u00falveda, explic\u00f3 que el Parque se encuentra en proceso de confecci\u00f3n de su l\u00ednea base para identificar los objetos de protecci\u00f3n. En ese contexto, hizo un fuerte llamado a la responsabilidad de los futuros visitantes: \u201cEl da\u00f1o mayor que sufre el Desierto Florido es cuando ingresan veh\u00edculos. Con las ruedas se destruyen algunas estructuras subterr\u00e1neas de reproducci\u00f3n y eso impide que el ciclo vuelva\u201d.<\/p>\n<p>Por su parte, Luigi Giglio, Presidente de ATA, subray\u00f3 la magnitud del evento que se aproxima. \u201cLos acontecimientos meteorol\u00f3gicos que han pasado est\u00e1n dando condiciones \u00fanicas, posiblemente, es un hito hist\u00f3rico la floraci\u00f3n que se prev\u00e9 en este sector\u201d. Giglio, enfatiz\u00f3 que se requiere con urgencia habilitar se\u00f1al\u00e9tica e infraestructura provisoria para resguardar este patrimonio natural ante la llegada masiva de turistas.<\/p>\n<p>Eduardo Grbic, Supervisor Relaciones Comunitarias de Minera Salar Blanco, valor\u00f3 la instancia como un ejemplo de c\u00f3mo el mundo privado puede relacionarse efectivamente con el sector p\u00fablico y las comunidades para generar inversi\u00f3n y abrir espacios al turismo regional. En la misma l\u00ednea, Claudio D\u00edaz, Analista de Relaciones Comunitarias e Inversi\u00f3n Social de Kinross, reforz\u00f3 el compromiso de la compa\u00f1\u00eda con la promoci\u00f3n de la industria tur\u00edstica y la protecci\u00f3n de la biodiversidad de Atacama.<\/p>\n<p>\u00abEn CORPROA hemos insistido en lo importante que es para el desarrollo de la regi\u00f3n que nuestra principal industria ayude a consolidar otras palancas productivas. Por eso, agradecemos el apoyo que Kinross y Salar Blanco han dado a este Programa y el impulso en desarrollar una agenda entorno a a un evento \u00fanico como el Desierto Florido. Instancias como \u00e9sta, que ponen en agenda el destino pero tambi\u00e9n las necesidades en torno a su habilitaci\u00f3n tur\u00edstica, son las que necesitamos para que esta industria crezca y se consolide\u00bb, dijo Juan Jos\u00e9 Ronsecco, Presidente de CORPROA.<\/p>\n<p>&nbsp;<\/p>\n<p style=\"text-align: center;\">Travel FOREDE: Vive Atacama 2026<\/p>\n<p>Como parte de los esfuerzos por poner en valor este hito natural, CORPROA, en alianza con Alaya Tour Operador, ha desarrollado el programa de tours \u00abTravel FOREDE: Vive Atacama 2026\u00bb. Esta iniciativa, enmarcada en EXPO FOREDE 2026, tiene como objetivo mostrar la diversidad tur\u00edstica de la regi\u00f3n. El programa ofrece como una de sus principales atracciones un recorrido guiado por las zonas de floraci\u00f3n del Desierto Florido. La experiencia se complementa con otras cuatro alternativas tur\u00edsticas que incluyen un walking tour patrimonial por Copiap\u00f3 y el Museo Regional; turismo gastron\u00f3mico en la costa de Caldera y Bah\u00eda Inglesa con cultivos de ostiones; visitas enotur\u00edsticas a la Destiler\u00eda Pisco Bramador; y observaci\u00f3n astron\u00f3mica bajo los cielos de Atacama.<\/p>\n","protected":false},"excerpt":{"rendered":"<p>La actividad reuni\u00f3 a actores p\u00fablicos y privados para levantar un diagn\u00f3stico sobre el estado del Parque Nacional Desierto Florido y sus necesidades de habilitaci\u00f3n&hellip; <\/p>\n","protected":false},"author":7,"featured_media":108173,"comment_status":"closed","ping_status":"closed","sticky":false,"template":"","format":"standard","meta":{"footnotes":""},"categories":[7],"tags":[],"class_list":["post-108172","post","type-post","status-publish","format-standard","has-post-thumbnail","hentry","category-atacama"],"_links":{"self":[{"href":"https:\/\/www.radioamigavallenar.cl\/index.php?rest_route=\/wp\/v2\/posts\/108172","targetHints":{"allow":["GET"]}}],"collection":[{"href":"https:\/\/www.radioamigavallenar.cl\/index.php?rest_route=\/wp\/v2\/posts"}],"about":[{"href":"https:\/\/www.radioamigavallenar.cl\/index.php?rest_route=\/wp\/v2\/types\/post"}],"author":[{"embeddable":true,"href":"https:\/\/www.radioamigavallenar.cl\/index.php?rest_route=\/wp\/v2\/users\/7"}],"replies":[{"embeddable":true,"href":"https:\/\/www.radioamigavallenar.cl\/index.php?rest_route=%2Fwp%2Fv2%2Fcomments&post=108172"}],"version-history":[{"count":1,"href":"https:\/\/www.radioamigavallenar.cl\/index.php?rest_route=\/wp\/v2\/posts\/108172\/revisions"}],"predecessor-version":[{"id":108174,"href":"https:\/\/www.radioamigavallenar.cl\/index.php?rest_route=\/wp\/v2\/posts\/108172\/revisions\/108174"}],"wp:featuredmedia":[{"embeddable":true,"href":"https:\/\/www.radioamigavallenar.cl\/index.php?rest_route=\/wp\/v2\/media\/108173"}],"wp:attachment":[{"href":"https:\/\/www.radioamigavallenar.cl\/index.php?rest_route=%2Fwp%2Fv2%2Fmedia&parent=108172"}],"wp:term":[{"taxonomy":"category","embeddable":true,"href":"https:\/\/www.radioamigavallenar.cl\/index.php?rest_route=%2Fwp%2Fv2%2Fcategories&post=108172"},{"taxonomy":"post_tag","embeddable":true,"href":"https:\/\/www.radioamigavallenar.cl\/index.php?rest_route=%2Fwp%2Fv2%2Ftags&post=108172"}],"curies":[{"name":"wp","href":"https:\/\/api.w.org\/{rel}","templated":true}]}}