{"id":108169,"date":"2026-09-01T00:00:54","date_gmt":"2026-09-01T04:00:54","guid":{"rendered":"https:\/\/www.radioamigavallenar.cl\/?p=108169"},"modified":"2026-09-01T00:13:32","modified_gmt":"2026-09-01T04:13:32","slug":"encuentro-fotografico-atacama-efa-celebra-su-decima-version-con-una-programacion-gratuita-y-autogestionada-en-copiap","status":"publish","type":"post","link":"https:\/\/www.radioamigavallenar.cl\/?p=108169","title":{"rendered":"Encuentro Fotogr\u00e1fico Atacama EFA, celebra su d\u00e9cima versi\u00f3n con una programaci\u00f3n gratuita y autogestionada en Copiap"},"content":{"rendered":"<p>El encuentro se realizar\u00e1 los d\u00edas 4 y 5 de septiembre, con actividades abiertas a la comunidad, una charla magistral de la fot\u00f3grafa Ver\u00f3nica Soto Carvajal, talleres, feria, concurso fotogr\u00e1fico y la Experiencia Estenopo.<\/p>\n<p>Copiap\u00f3, septiembre de 2026. \u2014 El Encuentro Fotogr\u00e1fico Atacama (EFA) celebra su d\u00e9cima versi\u00f3n con una programaci\u00f3n que reunir\u00e1 a fot\u00f3grafas, fot\u00f3grafos, artistas, creadoras\/es y p\u00fablico general en torno a la fotograf\u00eda, la memoria y la identidad territorial.<\/p>\n<p>Esta nueva edici\u00f3n se desarrollar\u00e1 durante los d\u00edas viernes 4 y s\u00e1bado 5 de septiembre y tendr\u00e1 un car\u00e1cter completamente autogestionado, siendo posible gracias al trabajo, colaboraci\u00f3n y aporte de diversas personas que han puesto a disposici\u00f3n su tiempo, conocimientos y profesionalismo para dar continuidad a este espacio de encuentro en torno a la fotograf\u00eda en la Regi\u00f3n de Atacama.<\/p>\n<p>Una charla magistral para abrir el encuentro<\/p>\n<p>La programaci\u00f3n comenzar\u00e1 el viernes 4 de septiembre, a las 18:30 horas, en el Sal\u00f3n de la Biblioteca de la Universidad de Atacama, con una charla magistral de la fot\u00f3grafa Ver\u00f3nica Soto Carvajal.<\/p>\n<p>La artista compartir\u00e1 parte de sus 35 a\u00f1os de trayectoria, abordando su recorrido profesional y creativo, adem\u00e1s de presentar y conversar en torno al proyecto Experiencia Estenopo, una propuesta que invita a experimentar con la fotograf\u00eda desde una perspectiva colectiva y exploratoria.<\/p>\n<p>Una jornada de fotograf\u00eda, creaci\u00f3n y participaci\u00f3n<\/p>\n<p>El s\u00e1bado 5 de septiembre, las actividades se trasladar\u00e1n al Centro Cultural Ser Humano, donde se desarrollar\u00e1 gran parte de la programaci\u00f3n del EFA.<\/p>\n<p>La jornada tambi\u00e9n contar\u00e1 con una Feria EFA, que se desarrollar\u00e1 entre las 15:00 y las 19:00 horas, generando un espacio para conocer y adquirir obras, publicaciones y diferentes propuestas vinculadas a la fotograf\u00eda y las artes visuales.<\/p>\n<p>La Pitilla: fotograf\u00edas que hablan de Copiap\u00f3<\/p>\n<p>Uno de los momentos participativos y comunitario ser\u00e1 el concurso fotogr\u00e1fico La Pitilla, una iniciativa que invita a la comunidad a compartir im\u00e1genes relacionadas con la identidad de Copiap\u00f3, abordando tem\u00e1ticas como el paisaje, patrimonio, memoria, familia y territorio.<\/p>\n<p>Las personas podr\u00e1n llevar y colgar sus fotograf\u00edas entre las 11:00 y las 18:00 horas del s\u00e1bado 5 de septiembre en el Centro Cultural Ser Humano.<\/p>\n<p>Cada participante podr\u00e1 presentar un m\u00e1ximo de tres fotograf\u00edas.<\/p>\n<p>La premiaci\u00f3n se realizar\u00e1 a las 19:00 horas, instancia en la que se entregar\u00e1n premios y menciones honrosas a las fotograf\u00edas seleccionadas.<\/p>\n<p>Experiencia Estenopo: una c\u00e1mara gigante para experimentar la fotograf\u00eda<\/p>\n<p>La programaci\u00f3n del s\u00e1bado tambi\u00e9n contempla la Experiencia Estenopo, una propuesta de experimentaci\u00f3n fotogr\u00e1fica que utiliza una c\u00e1mara de gran formato o c\u00e1mara gigante, invitando a las y los participantes a vivir colectivamente el proceso de creaci\u00f3n de una imagen.<\/p>\n<p>Esta experiencia se desarrollar\u00e1 en el Centro Cultural Ser Humano y ser\u00e1 parte de las actividades abiertas y gratuitas del encuentro.<\/p>\n<p>Diez a\u00f1os construyendo un espacio para la fotograf\u00eda en Atacama<\/p>\n<p>A diez a\u00f1os de su creaci\u00f3n, el Encuentro Fotogr\u00e1fico Atacama reafirma su compromiso con la difusi\u00f3n, formaci\u00f3n y valoraci\u00f3n de la fotograf\u00eda como una herramienta art\u00edstica, cultural y de construcci\u00f3n de memoria e identidad territorial.<\/p>\n<p>Desde la organizaci\u00f3n destacan que esta d\u00e9cima versi\u00f3n ha sido posible gracias a una red de personas y colaboradoras\/es que han contribuido de manera voluntaria y autogestionada a la realizaci\u00f3n del encuentro.<\/p>\n<p>\u201cLlegar a una d\u00e9cima versi\u00f3n es un motivo de celebraci\u00f3n, pero tambi\u00e9n una oportunidad para reconocer a todas las personas que han sostenido este espacio durante estos a\u00f1os. Esta edici\u00f3n es posible gracias a quienes han aportado su tiempo, trabajo, conocimientos y profesionalismo para que la fotograf\u00eda siga encontrando espacios de encuentro en Atacama\u201d, se\u00f1ala la organizaci\u00f3n del EFA.<\/p>\n<p>La invitaci\u00f3n es a toda la comunidad de Copiap\u00f3 y la Regi\u00f3n de Atacama a ser parte de esta celebraci\u00f3n de la fotograf\u00eda.<\/p>\n<p>Todas las actividades son gratuitas y abiertas al p\u00fablico, con excepci\u00f3n de los talleres, cuyos cupos ya se encuentran completos.<\/p>\n<p style=\"text-align: center;\">INFORMACI\u00d3N<\/p>\n<p>Encuentro Fotogr\u00e1fico Atacama \u2013 EFA 4 y 5 de septiembre de 2026 \ud83d\udccd Viernes 4: Sal\u00f3n Biblioteca Universidad de Atacama \ud83d\udccd S\u00e1bado 5: Centro Cultural Ser Humano, Copiap\u00f3 Actividades gratuitas y abiertas al p\u00fablico<\/p>\n","protected":false},"excerpt":{"rendered":"<p>El encuentro se realizar\u00e1 los d\u00edas 4 y 5 de septiembre, con actividades abiertas a la comunidad, una charla magistral de la fot\u00f3grafa Ver\u00f3nica Soto&hellip; <\/p>\n","protected":false},"author":7,"featured_media":108170,"comment_status":"closed","ping_status":"closed","sticky":false,"template":"","format":"standard","meta":{"footnotes":""},"categories":[38],"tags":[],"class_list":["post-108169","post","type-post","status-publish","format-standard","has-post-thumbnail","hentry","category-portada-regional"],"_links":{"self":[{"href":"https:\/\/www.radioamigavallenar.cl\/index.php?rest_route=\/wp\/v2\/posts\/108169","targetHints":{"allow":["GET"]}}],"collection":[{"href":"https:\/\/www.radioamigavallenar.cl\/index.php?rest_route=\/wp\/v2\/posts"}],"about":[{"href":"https:\/\/www.radioamigavallenar.cl\/index.php?rest_route=\/wp\/v2\/types\/post"}],"author":[{"embeddable":true,"href":"https:\/\/www.radioamigavallenar.cl\/index.php?rest_route=\/wp\/v2\/users\/7"}],"replies":[{"embeddable":true,"href":"https:\/\/www.radioamigavallenar.cl\/index.php?rest_route=%2Fwp%2Fv2%2Fcomments&post=108169"}],"version-history":[{"count":1,"href":"https:\/\/www.radioamigavallenar.cl\/index.php?rest_route=\/wp\/v2\/posts\/108169\/revisions"}],"predecessor-version":[{"id":108171,"href":"https:\/\/www.radioamigavallenar.cl\/index.php?rest_route=\/wp\/v2\/posts\/108169\/revisions\/108171"}],"wp:featuredmedia":[{"embeddable":true,"href":"https:\/\/www.radioamigavallenar.cl\/index.php?rest_route=\/wp\/v2\/media\/108170"}],"wp:attachment":[{"href":"https:\/\/www.radioamigavallenar.cl\/index.php?rest_route=%2Fwp%2Fv2%2Fmedia&parent=108169"}],"wp:term":[{"taxonomy":"category","embeddable":true,"href":"https:\/\/www.radioamigavallenar.cl\/index.php?rest_route=%2Fwp%2Fv2%2Fcategories&post=108169"},{"taxonomy":"post_tag","embeddable":true,"href":"https:\/\/www.radioamigavallenar.cl\/index.php?rest_route=%2Fwp%2Fv2%2Ftags&post=108169"}],"curies":[{"name":"wp","href":"https:\/\/api.w.org\/{rel}","templated":true}]}}