{"id":108166,"date":"2026-09-01T00:00:15","date_gmt":"2026-09-01T04:00:15","guid":{"rendered":"https:\/\/www.radioamigavallenar.cl\/?p=108166"},"modified":"2026-09-01T00:13:15","modified_gmt":"2026-09-01T04:13:15","slug":"seis-residencias-de-atacama-reciben-mas-de-515-millones-para-mejorar-las-condiciones-de-vida-de-131-ninos-ninas-y-adolescente","status":"publish","type":"post","link":"https:\/\/www.radioamigavallenar.cl\/?p=108166","title":{"rendered":"Seis residencias de Atacama reciben m\u00e1s de $515 millones para mejorar las condiciones de vida de 131 ni\u00f1os, ni\u00f1as y adolescente"},"content":{"rendered":"<p>En el marco del cierre del Mes de la Ni\u00f1ez, el Servicio Nacional de Protecci\u00f3n Especializada a la Ni\u00f1ez y Adolescencia y el Gobierno Regional de Atacama concretaron una nueva alianza que permitir\u00e1 fortalecer las condiciones de habitabilidad, atenci\u00f3n y cuidado en seis residencias de la regi\u00f3n.<\/p>\n<p>Un aporte que se traduce en algo mucho m\u00e1s concreto que una cifra: mejores condiciones para vivir, crecer y desarrollarse para 131 ni\u00f1os, ni\u00f1as y adolescentes que actualmente se encuentran bajo cuidado residencial.<\/p>\n<p>En una actividad realizada en el marco del t\u00e9rmino del Mes de la Ni\u00f1ez, el Servicio Nacional de Protecci\u00f3n Especializada a la Ni\u00f1ez y Adolescencia y el Gobierno Regional de Atacama hicieron entrega de $515.470.782 destinados a las residencias Casa del Valle, ABBA, Freirina, Ray\u00e9n, Casa Oasis y Antu, recursos que permitir\u00e1n responder a necesidades esenciales y fortalecer los espacios donde viven quienes, por distintas circunstancias, hoy no cuentan con el cuidado de sus familias.<\/p>\n<p>La inversi\u00f3n permitir\u00e1 financiar, entre otros aspectos, contrataci\u00f3n de personal, adquisici\u00f3n de insumos y ropa, mejoras en la implementaci\u00f3n y otras necesidades operacionales, contribuyendo directamente a mejorar la calidad de vida de los ni\u00f1os, ni\u00f1as y adolescentes.<\/p>\n<p>La entrega de estos recursos representa adem\u00e1s una mirada que pone en el centro la dignidad, los derechos y las oportunidades, entendiendo que una residencia debe ser mucho m\u00e1s que un lugar donde vivir: debe ser un espacio seguro, protector y acogedor, donde cada ni\u00f1o, ni\u00f1a y adolescente pueda desarrollarse y proyectar su futuro.<\/p>\n<p>&nbsp;<\/p>\n<p style=\"text-align: center;\">Una acci\u00f3n concreta para garantizar dignidad y bienestar<\/p>\n<p>&nbsp;<\/p>\n<p>Para la seremi de Desarrollo Social y Familia de Atacama, J\u00e9ssica G\u00f3mez Poblete, esta inversi\u00f3n constituye una acci\u00f3n concreta para avanzar en mejores condiciones de cuidado y protecci\u00f3n.<\/p>\n<p>\u201cEsto es una acci\u00f3n concreta para garantizar la dignidad, la seguridad y el bienestar de 131 ni\u00f1os y adolescentes en seis residencias de la regi\u00f3n. Nuestro prop\u00f3sito fundamental es que los ni\u00f1os crezcan en un entorno familiar y que su permanencia en estas residencias sea lo m\u00e1s breve posible; pero mientras deban estar bajo nuestra protecci\u00f3n, garantizaremos mejores condiciones de habitabilidad, una oferta residencial m\u00e1s especializada y equipos t\u00e9cnicos altamente preparados para brindarles un cuidado de calidad\u201d.<\/p>\n<p>La autoridad enfatiz\u00f3 que el objetivo final de la pol\u00edtica de protecci\u00f3n especializada es que los ni\u00f1os, ni\u00f1as y adolescentes puedan desarrollarse en entornos familiares, pero mientras<\/p>\n<p>ello no sea posible, el Estado debe garantizar espacios residenciales que respondan a sus necesidades y derechos.<\/p>\n<p>&nbsp;<\/p>\n<p style=\"text-align: center;\">\u201cLos recursos se necesitan y lo hacemos con mucho cari\u00f1o\u201d<\/p>\n<p>&nbsp;<\/p>\n<p>El gobernador regional de Atacama, Miguel Vargas, destac\u00f3 el trabajo colaborativo entre el Gobierno Regional, el Servicio de Protecci\u00f3n y las instituciones colaboradoras, subrayando que los recursos estatales destinados a las residencias resultan insuficientes para cubrir todas sus necesidades.<\/p>\n<p>\u201cEs una alianza de trabajo con el Servicio de Protecci\u00f3n Especializada a la Ni\u00f1ez y Adolescencia y, por supuesto, con las instituciones colaboradoras. Si bien reciben subsidios por parte del Estado, es absolutamente insuficiente para atender los requerimientos que tienen las residencias\u201d.<\/p>\n<p>El gobernador explic\u00f3 que estos recursos permiten abordar gastos operacionales y necesidades concretas, como la compra de ropa y otros insumos, relevando que el Gobierno Regional mantendr\u00e1 su disposici\u00f3n a colaborar con la red de protecci\u00f3n.<\/p>\n<p>\u201cEstos son recursos que se necesitan y lo hacemos con mucho cari\u00f1o. Es parte de la labor social que lleva nuestra instituci\u00f3n a trav\u00e9s de la Divisi\u00f3n de Desarrollo Social\u201d.<\/p>\n<p>&nbsp;<\/p>\n<p style=\"text-align: center;\">Recursos que se convierten en oportunidades<\/p>\n<p>&nbsp;<\/p>\n<p>El director regional del Servicio Nacional de Protecci\u00f3n Especializada a la Ni\u00f1ez y Adolescencia, C\u00e9sar Guzm\u00e1n, valor\u00f3 especialmente que este sea el segundo a\u00f1o consecutivo en que el Gobierno Regional entrega estos recursos a las residencias.<\/p>\n<p>\u201cEstamos profundamente agradecidos por este fondo, que por segundo a\u00f1o consecutivo nos permite fortalecer el trabajo que realizamos junto a las residencias de nuestra regi\u00f3n. Son recursos que se traducen directamente en mejores condiciones de vida para los ni\u00f1os, ni\u00f1as y adolescentes\u201d.<\/p>\n<p>Guzm\u00e1n explic\u00f3 que el financiamiento permitir\u00e1 fortalecer los equipos mediante la contrataci\u00f3n de personal, adquirir insumos y responder a necesidades cotidianas, incluyendo la compra de ropa que los propios ni\u00f1os, ni\u00f1as y adolescentes podr\u00e1n elegir, como una forma concreta de avanzar en la restituci\u00f3n de sus derechos.<\/p>\n<p>\u201cQue puedan elegir su propia ropa, por ejemplo, significa tambi\u00e9n restituir derechos, entregar igualdad de oportunidades y reconocer que ellos tienen voz, preferencias y capacidad de<\/p>\n<p>decidir. Todo esto contribuye a mejorar su calidad de vida y a que puedan vivir en espacios cada vez m\u00e1s dignos\u201d.<\/p>\n<p>El director regional manifest\u00f3 adem\u00e1s su expectativa de que esta alianza pueda mantenerse durante los pr\u00f3ximos a\u00f1os, fortaleciendo de manera permanente la red residencial de Atacama.<\/p>\n<p>&nbsp;<\/p>\n<p style=\"text-align: center;\">\u201cLos ni\u00f1os tambi\u00e9n deciden en qu\u00e9 se invierten estos fondos\u201d<\/p>\n<p>&nbsp;<\/p>\n<p>Desde las propias residencias, la inversi\u00f3n es valorada como una oportunidad para fortalecer los procesos de cuidado y desarrollo.<\/p>\n<p>La directora de Residencia Casa del Valle de Vallenar, Ingrid R\u00edos, calific\u00f3 la entrega como un hito para las residencias de la regi\u00f3n.<\/p>\n<p>\u201cEs un hito muy importante. Estos fondos vienen a reconocer que las residencias necesitan estos aportes. Esto robustece nuestro trabajo, nos permite fortalecer la implementaci\u00f3n y mejorar la calidad de vida y el desarrollo de los ni\u00f1os, ni\u00f1as y adolescentes\u201d.<\/p>\n<p>R\u00edos destac\u00f3 que el impacto de estos recursos tambi\u00e9n se proyecta hacia el futuro, especialmente considerando que las residencias acompa\u00f1an a j\u00f3venes que contin\u00faan sus estudios incluso despu\u00e9s de cumplir los 18 a\u00f1os.<\/p>\n<p>\u201cNosotros tambi\u00e9n trabajamos con j\u00f3venes mayores de 18 a\u00f1os que est\u00e1n estudiando, incluso varias de ellas cursan estudios superiores. Estos recursos nos permiten fortalecer todo esto y proyectar su futuro\u201d.<\/p>\n<p>La directora de Casa del Valle relev\u00f3 adem\u00e1s un aspecto fundamental: los propios ni\u00f1os, ni\u00f1as y adolescentes participan en las decisiones sobre el uso de los recursos.<\/p>\n<p>\u201cEllos tambi\u00e9n comparten y deciden en qu\u00e9 se van a invertir estos fondos. Ese trabajo colaborativo con el Gobierno Regional es muy importante\u201d.<\/p>\n<p>&nbsp;<\/p>\n<p style=\"text-align: center;\">Una alianza que pone a las personas en el centro<\/p>\n<p>La entrega de $515.470.782 marca un nuevo paso en el fortalecimiento de la red de protecci\u00f3n residencial de Atacama y demuestra c\u00f3mo la colaboraci\u00f3n entre instituciones puede traducirse en mejoras concretas en la vida cotidiana de los ni\u00f1os, ni\u00f1as y adolescentes.<\/p>\n","protected":false},"excerpt":{"rendered":"<p>En el marco del cierre del Mes de la Ni\u00f1ez, el Servicio Nacional de Protecci\u00f3n Especializada a la Ni\u00f1ez y Adolescencia y el Gobierno Regional&hellip; <\/p>\n","protected":false},"author":7,"featured_media":108167,"comment_status":"closed","ping_status":"closed","sticky":false,"template":"","format":"standard","meta":{"footnotes":""},"categories":[7],"tags":[],"class_list":["post-108166","post","type-post","status-publish","format-standard","has-post-thumbnail","hentry","category-atacama"],"_links":{"self":[{"href":"https:\/\/www.radioamigavallenar.cl\/index.php?rest_route=\/wp\/v2\/posts\/108166","targetHints":{"allow":["GET"]}}],"collection":[{"href":"https:\/\/www.radioamigavallenar.cl\/index.php?rest_route=\/wp\/v2\/posts"}],"about":[{"href":"https:\/\/www.radioamigavallenar.cl\/index.php?rest_route=\/wp\/v2\/types\/post"}],"author":[{"embeddable":true,"href":"https:\/\/www.radioamigavallenar.cl\/index.php?rest_route=\/wp\/v2\/users\/7"}],"replies":[{"embeddable":true,"href":"https:\/\/www.radioamigavallenar.cl\/index.php?rest_route=%2Fwp%2Fv2%2Fcomments&post=108166"}],"version-history":[{"count":1,"href":"https:\/\/www.radioamigavallenar.cl\/index.php?rest_route=\/wp\/v2\/posts\/108166\/revisions"}],"predecessor-version":[{"id":108168,"href":"https:\/\/www.radioamigavallenar.cl\/index.php?rest_route=\/wp\/v2\/posts\/108166\/revisions\/108168"}],"wp:featuredmedia":[{"embeddable":true,"href":"https:\/\/www.radioamigavallenar.cl\/index.php?rest_route=\/wp\/v2\/media\/108167"}],"wp:attachment":[{"href":"https:\/\/www.radioamigavallenar.cl\/index.php?rest_route=%2Fwp%2Fv2%2Fmedia&parent=108166"}],"wp:term":[{"taxonomy":"category","embeddable":true,"href":"https:\/\/www.radioamigavallenar.cl\/index.php?rest_route=%2Fwp%2Fv2%2Fcategories&post=108166"},{"taxonomy":"post_tag","embeddable":true,"href":"https:\/\/www.radioamigavallenar.cl\/index.php?rest_route=%2Fwp%2Fv2%2Ftags&post=108166"}],"curies":[{"name":"wp","href":"https:\/\/api.w.org\/{rel}","templated":true}]}}