{"id":108163,"date":"2026-09-01T00:00:24","date_gmt":"2026-09-01T04:00:24","guid":{"rendered":"https:\/\/www.radioamigavallenar.cl\/?p=108163"},"modified":"2026-09-01T00:13:25","modified_gmt":"2026-09-01T04:13:25","slug":"municipalidad-de-tierra-amarilla-tiene-todo-listo-para-iniciar-innovador-sistema-de-transporte-gratuito","status":"publish","type":"post","link":"https:\/\/www.radioamigavallenar.cl\/?p=108163","title":{"rendered":"Municipalidad de Tierra Amarilla tiene todo listo para iniciar innovador sistema de transporte gratuito"},"content":{"rendered":"<p>&#8211; Estudiantes, Cuidadoras\/es y Personas Mayores son parte de los 457 beneficiaros que comenzar\u00e1 el programa que tiene una duraci\u00f3n de 3 meses.<\/p>\n<p>&#8211; Desde Nantoco a Copiap\u00f3, pasando por Poblaci\u00f3n Luis Uribe, y hasta el Hospital, supermercados, Inacap, UDA \u00e1rea norte y Mall Plaza ser\u00e1n parte del trayecto.<\/p>\n<p>&#8211; 9 recorridos a las 06:00, 06:30, 07:30, 09:30, 10:00, 10:30, 17:30, 18:30 y 19:30 horas de lunes a viernes contempla la iniciativa.<\/p>\n<p>\u201cTierra Amarilla se Transporta para Vivir Mejor\u201d es el nombre del innovador programa gratuito que desde el 1 de septiembre pondr\u00e1 en marcha la Municipalidad de Tierra Amarilla para conectar a 457 vecinos que, inscritos previamente, necesiten estudiar, realizar tr\u00e1mites o ir al m\u00e9dico en la capital regional con 9 recorridos en jornadas de ma\u00f1ana y tarde.<\/p>\n<p>Desde las 06:00 AM y a las 06:30, 07:30, 09:30, 10:00 y 10:30 horas desde Nantoco a Copiap\u00f3 pasando por la Poblaci\u00f3n Luis Uribe, el Hospital (calle Vicu\u00f1a), supermercados (Chacabuco), Registro Civil y \u00c1rea Norte de la Universidad de Atacama y desde las 17:30, 18:30 y 19:30 horas el regreso desde Copiap\u00f3 a Tierra Amarilla, terminando su recorrido en Nantoco.<\/p>\n<p>M\u00e1s de 200 asistentes participaron de una jornada de capacitaci\u00f3n y entrega de credencial, instancia en que se les explicaron los recorridos y normas de traslado al interior de los buses, quienes manifestaron su entusiasmo ante el inicio de este servicio que conectar\u00e1 Tierra Amarilla y Copiap\u00f3 durante sus 3 meses de duraci\u00f3n.<\/p>\n<p style=\"text-align: center;\"><strong>\u201cESTE PROYECTO ME FACILITA LA VIDA\u201d<\/strong><\/p>\n<p>As\u00ed, Minerva Hidalgo, joven estudiante Tierramarillana, valor\u00f3 la iniciativa se\u00f1alando: \u201cEste proyecto me fascina bastante por el tema de que yo estudio y me acerca mucho a Copiap\u00f3. Hoy en d\u00eda cuesta un poco tener la plata as\u00ed que esto me ayuda un mont\u00f3n, as\u00ed que yo agradezco a la Municipalidad por este proyecto porque a mi me facilita la vida\u201d.<\/p>\n<p>Mientras que Elizabeth Valderrama, quien ejerce labores de cuidadora, destac\u00f3 que este \u201ces un beneficio muy grande que se nos hace, ya que a veces cuesta mucho viajar, por los colectivos llenos, pasajes m\u00e1s caros, as\u00ed que esto para nosotros es perfecto\u201d.<\/p>\n<p>Opini\u00f3n con la que coincide Ruth Olivares, otra de las 457 beneficiarias, quien agradece \u201cesta tremenda iniciativa porque a veces es dif\u00edcil llegar hasta Copiap\u00f3.<\/p>\n<p>Muchos somos adultos y con esto vamos a tener un incentivo para salir un poquito m\u00e1s\u201d.<\/p>\n<p style=\"text-align: center;\"><strong>RECORRIDO DE PRUEBA EN HORARIO PUNTA<\/strong><\/p>\n<p>Durante este lunes 31 de agosto a las 06:30 AM se realiz\u00f3 un recorrido de prueba desde Nantoco hasta el Mall Plaza Copiap\u00f3 para revisar las paradas habilitadas, horarios y flujo de usuarios, trasladando a los primeros estudiantes, personas mayores y cuidadoras que podr\u00e1n acceder a este beneficio.<\/p>\n<p>Al respecto, la Directora de Desarrollo Comunitario, Karina Z\u00e1rate, evalu\u00f3 positivamente la instancia: \u201cAcompa\u00f1amos este bus de prueba de este programa Tierra Amarilla se Transporta para Vivir Mejor. Una iniciativa, un proyecto impulsado por nuestro Alcalde Crist\u00f3bal Z\u00fa\u00f1iga y que va a permitir a estudiantes, personas mayores y p\u00fablico en general que se haya inscrito previamente optar a este servicio de transporte gratuito\u201d.<\/p>\n<p>Los usuarios inscritos que a\u00fan no poseen su credencial, pueden obtenerla en la Direcci\u00f3n de Desarrollo Comunitario (Av. Miguel Lemeur 544, 2\u00ba piso) desde las 08:30 hasta las 14:00 horas.<\/p>\n","protected":false},"excerpt":{"rendered":"<p>&#8211; Estudiantes, Cuidadoras\/es y Personas Mayores son parte de los 457 beneficiaros que comenzar\u00e1 el programa que tiene una duraci\u00f3n de 3 meses. &#8211; Desde&hellip; <\/p>\n","protected":false},"author":7,"featured_media":108164,"comment_status":"closed","ping_status":"closed","sticky":false,"template":"","format":"standard","meta":{"footnotes":""},"categories":[38],"tags":[],"class_list":["post-108163","post","type-post","status-publish","format-standard","has-post-thumbnail","hentry","category-portada-regional"],"_links":{"self":[{"href":"https:\/\/www.radioamigavallenar.cl\/index.php?rest_route=\/wp\/v2\/posts\/108163","targetHints":{"allow":["GET"]}}],"collection":[{"href":"https:\/\/www.radioamigavallenar.cl\/index.php?rest_route=\/wp\/v2\/posts"}],"about":[{"href":"https:\/\/www.radioamigavallenar.cl\/index.php?rest_route=\/wp\/v2\/types\/post"}],"author":[{"embeddable":true,"href":"https:\/\/www.radioamigavallenar.cl\/index.php?rest_route=\/wp\/v2\/users\/7"}],"replies":[{"embeddable":true,"href":"https:\/\/www.radioamigavallenar.cl\/index.php?rest_route=%2Fwp%2Fv2%2Fcomments&post=108163"}],"version-history":[{"count":1,"href":"https:\/\/www.radioamigavallenar.cl\/index.php?rest_route=\/wp\/v2\/posts\/108163\/revisions"}],"predecessor-version":[{"id":108165,"href":"https:\/\/www.radioamigavallenar.cl\/index.php?rest_route=\/wp\/v2\/posts\/108163\/revisions\/108165"}],"wp:featuredmedia":[{"embeddable":true,"href":"https:\/\/www.radioamigavallenar.cl\/index.php?rest_route=\/wp\/v2\/media\/108164"}],"wp:attachment":[{"href":"https:\/\/www.radioamigavallenar.cl\/index.php?rest_route=%2Fwp%2Fv2%2Fmedia&parent=108163"}],"wp:term":[{"taxonomy":"category","embeddable":true,"href":"https:\/\/www.radioamigavallenar.cl\/index.php?rest_route=%2Fwp%2Fv2%2Fcategories&post=108163"},{"taxonomy":"post_tag","embeddable":true,"href":"https:\/\/www.radioamigavallenar.cl\/index.php?rest_route=%2Fwp%2Fv2%2Ftags&post=108163"}],"curies":[{"name":"wp","href":"https:\/\/api.w.org\/{rel}","templated":true}]}}