{"id":108160,"date":"2026-09-01T00:00:16","date_gmt":"2026-09-01T04:00:16","guid":{"rendered":"https:\/\/www.radioamigavallenar.cl\/?p=108160"},"modified":"2026-08-31T22:40:32","modified_gmt":"2026-09-01T02:40:32","slug":"pacientes-destacan-estrategia-de-hospital-regional-para-disminucion-de-lista-de-espera","status":"publish","type":"post","link":"https:\/\/www.radioamigavallenar.cl\/?p=108160","title":{"rendered":"Pacientes destacan estrategia de Hospital Regional para disminuci\u00f3n de Lista de Espera."},"content":{"rendered":"<p>Un nuevo operativo cl\u00ednico desarroll\u00f3 el Hospital Regional de Copiap\u00f3, este fin de semana en las especialidades m\u00e9dicas de oncolog\u00eda y cardiolog\u00eda, lo que permiti\u00f3 la atenci\u00f3n de 41 pacientes.<\/p>\n<p>\u201cNuestro objetivo como establecimiento es realizar todas las gestiones para que nuestros pacientes tengan acceso a sus consultas, controles y ex\u00e1menes. Es por ello que estamos desarrollando esta estrategia de atenciones los fines de semana, a trav\u00e9s del financiamiento de las 33 mil horas del MINSAL, como tambi\u00e9n con aportes del Gobierno Regional de Atacama\u201d expres\u00f3 la Dra. Carla Paulsen, Directora (S) del Hospital Regional de Copiap\u00f3, San Jos\u00e9 del Carmen.<\/p>\n<p>Esta estrategia del principal centro asistencial de la regi\u00f3n es percibida positivamente por la comunidad. Mar\u00eda Robles coment\u00f3 \u201cyo estoy acompa\u00f1ando a mi madre que est\u00e1 en tratamiento por un c\u00e1ncer de colon, me parece s\u00faper bueno estos operativos que hacen, por lo menos ahora con estos operativos se acelera un poco m\u00e1s su atenci\u00f3n\u201d.<\/p>\n<p>Por su parte Patricio Gallardo, paciente que recibi\u00f3 atenci\u00f3n este fin de semana en el operativo se\u00f1al\u00f3, \u201cencuentro bueno que fuera de los horarios normales se atienda a esta lista de espera, esperamos que esta sea una se\u00f1al positiva y que no se corte en el tiempo y que realmente los pacientes podamos tener una atenci\u00f3n m\u00e1s pronta por nuestra salud\u201d.<\/p>\n<p>Por su parte desde la Direcci\u00f3n del Hospital Regional de Copiap\u00f3, la Dra. Carla Paulsen realiz\u00f3 un reconocimiento al equipo cl\u00ednico y administrativo del Centro Diagn\u00f3stico Terap\u00e9utico, \u201ces importante la labor que realizan nuestros funcionarios, especialmente en horarios no h\u00e1biles como lo son los fines de semana para la materializaci\u00f3n de estos operativos que van en directo beneficio de la atenci\u00f3n y salud de nuestros usuarios de Atacama\u201d<\/p>\n","protected":false},"excerpt":{"rendered":"<p>Un nuevo operativo cl\u00ednico desarroll\u00f3 el Hospital Regional de Copiap\u00f3, este fin de semana en las especialidades m\u00e9dicas de oncolog\u00eda y cardiolog\u00eda, lo que permiti\u00f3&hellip; <\/p>\n","protected":false},"author":7,"featured_media":108161,"comment_status":"closed","ping_status":"closed","sticky":false,"template":"","format":"standard","meta":{"footnotes":""},"categories":[38],"tags":[],"class_list":["post-108160","post","type-post","status-publish","format-standard","has-post-thumbnail","hentry","category-portada-regional"],"_links":{"self":[{"href":"https:\/\/www.radioamigavallenar.cl\/index.php?rest_route=\/wp\/v2\/posts\/108160","targetHints":{"allow":["GET"]}}],"collection":[{"href":"https:\/\/www.radioamigavallenar.cl\/index.php?rest_route=\/wp\/v2\/posts"}],"about":[{"href":"https:\/\/www.radioamigavallenar.cl\/index.php?rest_route=\/wp\/v2\/types\/post"}],"author":[{"embeddable":true,"href":"https:\/\/www.radioamigavallenar.cl\/index.php?rest_route=\/wp\/v2\/users\/7"}],"replies":[{"embeddable":true,"href":"https:\/\/www.radioamigavallenar.cl\/index.php?rest_route=%2Fwp%2Fv2%2Fcomments&post=108160"}],"version-history":[{"count":1,"href":"https:\/\/www.radioamigavallenar.cl\/index.php?rest_route=\/wp\/v2\/posts\/108160\/revisions"}],"predecessor-version":[{"id":108162,"href":"https:\/\/www.radioamigavallenar.cl\/index.php?rest_route=\/wp\/v2\/posts\/108160\/revisions\/108162"}],"wp:featuredmedia":[{"embeddable":true,"href":"https:\/\/www.radioamigavallenar.cl\/index.php?rest_route=\/wp\/v2\/media\/108161"}],"wp:attachment":[{"href":"https:\/\/www.radioamigavallenar.cl\/index.php?rest_route=%2Fwp%2Fv2%2Fmedia&parent=108160"}],"wp:term":[{"taxonomy":"category","embeddable":true,"href":"https:\/\/www.radioamigavallenar.cl\/index.php?rest_route=%2Fwp%2Fv2%2Fcategories&post=108160"},{"taxonomy":"post_tag","embeddable":true,"href":"https:\/\/www.radioamigavallenar.cl\/index.php?rest_route=%2Fwp%2Fv2%2Ftags&post=108160"}],"curies":[{"name":"wp","href":"https:\/\/api.w.org\/{rel}","templated":true}]}}