{"id":108157,"date":"2026-08-31T12:04:21","date_gmt":"2026-08-31T16:04:21","guid":{"rendered":"https:\/\/www.radioamigavallenar.cl\/?p=108157"},"modified":"2026-08-31T12:04:21","modified_gmt":"2026-08-31T16:04:21","slug":"el-slep-huasco-se-adjudico-4-proyectos-de-mejoramiento-electrico-por-una-inversion-total-de-486-millones","status":"publish","type":"post","link":"https:\/\/www.radioamigavallenar.cl\/?p=108157","title":{"rendered":"El SLEP Huasco se adjudic\u00f3 4 proyectos de mejoramiento el\u00e9ctrico, por una inversi\u00f3n total de $486 millones"},"content":{"rendered":"<p>El SLEP Huasco se adjudic\u00f3 4 proyectos de mejoramiento el\u00e9ctrico, por una inversi\u00f3n total de $486 millones, financiados por el Gobierno Regional de Atacama y aprobados por el Consejo Regional (CORE).<\/p>\n<p>Los establecimientos beneficiados son:<\/p>\n<p>-Escuela Luis Cruz Mart\u00ednez<br \/>\n-Escuela Espa\u00f1a<br \/>\n-Escuela Gregorio Castillo Mar\u00edn<br \/>\n-Escuela Jos\u00e9 Miguel Carrera de Huasco<\/p>\n<p>Esta inversi\u00f3n permitir\u00e1 mejorar la infraestructura el\u00e9ctrica de estos establecimientos, contribuyendo a contar con espacios m\u00e1s seguros y adecuados para sus comunidades educativas.<\/p>\n<p>Desde el SLEP Huasco destacamos y agradecemos especialmente el respaldo de las y los consejeros regionales, cuyo apoyo fue fundamental para la aprobaci\u00f3n de estos proyectos y para concretar una inversi\u00f3n que impactar\u00e1 directamente en las condiciones de nuestros establecimientos educacionales.<\/p>\n<p>Asimismo, valoramos especialmente el trabajo de las Comisiones de Educaci\u00f3n y de Inversi\u00f3n del CORE, y el compromiso del Gobierno Regional de Atacama con el fortalecimiento de la educaci\u00f3n p\u00fablica en el territorio.<\/p>\n<p>Seguimos avanzando, con el apoyo y compromiso de las instituciones del territorio, para entregar mejores condiciones a nuestras comunidades educativas<\/p>\n","protected":false},"excerpt":{"rendered":"<p>El SLEP Huasco se adjudic\u00f3 4 proyectos de mejoramiento el\u00e9ctrico, por una inversi\u00f3n total de $486 millones, financiados por el Gobierno Regional de Atacama y&hellip; <\/p>\n","protected":false},"author":7,"featured_media":108158,"comment_status":"closed","ping_status":"closed","sticky":false,"template":"","format":"standard","meta":{"footnotes":""},"categories":[7],"tags":[],"class_list":["post-108157","post","type-post","status-publish","format-standard","has-post-thumbnail","hentry","category-atacama"],"_links":{"self":[{"href":"https:\/\/www.radioamigavallenar.cl\/index.php?rest_route=\/wp\/v2\/posts\/108157","targetHints":{"allow":["GET"]}}],"collection":[{"href":"https:\/\/www.radioamigavallenar.cl\/index.php?rest_route=\/wp\/v2\/posts"}],"about":[{"href":"https:\/\/www.radioamigavallenar.cl\/index.php?rest_route=\/wp\/v2\/types\/post"}],"author":[{"embeddable":true,"href":"https:\/\/www.radioamigavallenar.cl\/index.php?rest_route=\/wp\/v2\/users\/7"}],"replies":[{"embeddable":true,"href":"https:\/\/www.radioamigavallenar.cl\/index.php?rest_route=%2Fwp%2Fv2%2Fcomments&post=108157"}],"version-history":[{"count":1,"href":"https:\/\/www.radioamigavallenar.cl\/index.php?rest_route=\/wp\/v2\/posts\/108157\/revisions"}],"predecessor-version":[{"id":108159,"href":"https:\/\/www.radioamigavallenar.cl\/index.php?rest_route=\/wp\/v2\/posts\/108157\/revisions\/108159"}],"wp:featuredmedia":[{"embeddable":true,"href":"https:\/\/www.radioamigavallenar.cl\/index.php?rest_route=\/wp\/v2\/media\/108158"}],"wp:attachment":[{"href":"https:\/\/www.radioamigavallenar.cl\/index.php?rest_route=%2Fwp%2Fv2%2Fmedia&parent=108157"}],"wp:term":[{"taxonomy":"category","embeddable":true,"href":"https:\/\/www.radioamigavallenar.cl\/index.php?rest_route=%2Fwp%2Fv2%2Fcategories&post=108157"},{"taxonomy":"post_tag","embeddable":true,"href":"https:\/\/www.radioamigavallenar.cl\/index.php?rest_route=%2Fwp%2Fv2%2Ftags&post=108157"}],"curies":[{"name":"wp","href":"https:\/\/api.w.org\/{rel}","templated":true}]}}